{"id":181969,"date":"2019-01-13T07:30:31","date_gmt":"2019-01-13T06:30:31","guid":{"rendered":"http:\/\/www.abseitsreisen.de\/blog\/?p=181969"},"modified":"2023-11-20T17:23:05","modified_gmt":"2023-11-20T16:23:05","slug":"grandioser-start-ins-neue-jahr","status":"publish","type":"post","link":"https:\/\/www.abseitsreisen.de\/blog\/2019\/01\/13\/grandioser-start-ins-neue-jahr\/","title":{"rendered":"Grandioser Start ins neue Jahr"},"content":{"rendered":"<p>Wow, was f\u00fcr ein tolles Gef\u00fchl, bei ausverkauftem Haus vor 1000 Zuschauern \u00fcber unsere Reise erz\u00e4hlen zu d\u00fcrfen! Das war letztes Jahr beim Freitr\u00e4umer-Festival in Plauen\u00a0ein ganz besonderes Erlebnis. Als wir mit Paula auf diese Reise um die Welt aufgebrochen sind, h\u00e4tten wir nie gedacht, dass solch ein gro\u00dfes Interesse besteht. Uns macht es riesige Freude, von den Erlebnissen der sechsj\u00e4hrigen Weltumrundung zu berichten.<\/p>\n<p><a href=\"https:\/\/www.abseitsreisen.de\/blog\/wp-content\/uploads\/2019\/01\/Plauen_18_blog.jpg\"><img loading=\"lazy\" decoding=\"async\" class=\"alignleft size-full wp-image-181983\" src=\"https:\/\/www.abseitsreisen.de\/blog\/wp-content\/uploads\/2019\/01\/Plauen_18_blog.jpg\" alt=\"\" width=\"1140\" height=\"450\" data-id=\"181983\" srcset=\"https:\/\/www.abseitsreisen.de\/blog\/wp-content\/uploads\/2019\/01\/Plauen_18_blog.jpg 1140w, https:\/\/www.abseitsreisen.de\/blog\/wp-content\/uploads\/2019\/01\/Plauen_18_blog-300x118.jpg 300w, https:\/\/www.abseitsreisen.de\/blog\/wp-content\/uploads\/2019\/01\/Plauen_18_blog-768x303.jpg 768w, https:\/\/www.abseitsreisen.de\/blog\/wp-content\/uploads\/2019\/01\/Plauen_18_blog-1024x404.jpg 1024w, https:\/\/www.abseitsreisen.de\/blog\/wp-content\/uploads\/2019\/01\/Plauen_18_blog-600x237.jpg 600w\" sizes=\"auto, (max-width: 1140px) 100vw, 1140px\" \/><\/a><\/p>\n<p style=\"text-align: left;\">Foto: <a href=\"http:\/\/fresia-photography.de\" target=\"_blank\" rel=\"noopener\">Eric Fresia<\/a><\/p>\n<p style=\"text-align: left;\">Das Jahr 2019 beginnt ebenso \u00fcberw\u00e4ltigend. Die Lichtbildarena in Jena war mit 750 Personen komplett ausverkauft. Das KFZ in Marburg war bis zum letzten Platz gef\u00fcllt. Braunschweig, PlanetView Festival auch ausverkauft.<\/p>\n<p style=\"text-align: left;\">&#8222;Wildes S\u00fcdamerika&#8220; am kommenden Donnerstag, den 17.01.19, \u00a0in Immenstadt ist ebenfalls bereits vorab ausverkauft! Gemeinsam mit <a href=\"https:\/\/www.gesichter-der-erde.de\/vortraege\/wildes-suedamerika\/\" target=\"_blank\" rel=\"noopener\">Gesichter der Erde<\/a> haben wir kurzfristig entschieden, wegen der gro\u00dfen Nachfrage einen <strong>Zusatztermin<\/strong>\u00a0einzuschieben \u2013 <strong>am Donnerstag, den 24.01.19<\/strong>, um 20 Uhr im Union Filmtheater in Immenstadt. Hier geht\u00b4s zu den <a href=\"https:\/\/union-filmtheater.de\/kino\/bookingInline\/city222\/?bookingUrl=https%3A%2F%2Fwww.kinoheld.de%2FKino-Immenstadt%2FUnion%2520Filmtheater%2520Immenstadt%3Fmode%3Dwidget%26showId%3D1998336173%26rb%3D1\" target=\"_blank\" rel=\"noopener\">Tickets<\/a>.<\/p>\n<p style=\"text-align: left;\">Dann geht\u2019s munter weiter: Auf der CMT Reise- und Caravan-Messe in Stuttgart sind wir am 18. und 19.01. mit Kurzvortr\u00e4gen und einem kleinen Pop-up-Kino unterwegs und direkt anschlie\u00dfend am Sonntag, den 20. Januar, in Fellbach bei<a href=\"https:\/\/www.expedition-erde-shop.de\/tickets-gutscheine\/bis-ans-ende-der-welt\/20012019-fellbach-18-uhr-bis-ans-ende-der-welt-219.html\" target=\"_blank\" rel=\"noopener\"> Expedition Erde<\/a>.<\/p>\n<p style=\"text-align: left;\"><strong>Weitere Termine im Fr\u00fchjahr 2019<\/strong><\/p>\n<p style=\"text-align: left;\">\u00a0\n<table id=\"tablepress-24\" class=\"tablepress tablepress-id-24 tablepress-responsive\">\n<thead>\n<tr class=\"row-1\">\n\t<th class=\"column-1\">Thema<\/th><th class=\"column-2\">Ort<\/th><th class=\"column-3\">Datum<\/th><th class=\"column-4\">Uhrzeit<\/th><th class=\"column-5\">VVK-Stellen<\/th>\n<\/tr>\n<\/thead>\n<tbody>\n<tr class=\"row-2\">\n\t<td class=\"column-1\"><a href=\"http:\/\/www.abseitsreisen.de\/blog\/portfolio\/wildes-suedamerika\/\" target=\"_blank\"><img loading=\"lazy\" decoding=\"async\" class=\"align center size-full wp-image-4225\" src=\"http:\/\/www.abseitsreisen.de\/blog\/wp-content\/uploads\/2014\/01\/Plakat_Show_4_web.jpg\" alt=\"Plakat_Show_4_web\" width=\"45\" height=\"57\" srcset=\"https:\/\/www.abseitsreisen.de\/blog\/wp-content\/uploads\/2014\/01\/Plakat_Show_4_web.jpg 305w, https:\/\/www.abseitsreisen.de\/blog\/wp-content\/uploads\/2014\/01\/Plakat_Show_4_web-240x300.jpg 240w\" sizes=\"auto, (max-width: 45px) 100vw, 45px\" \/><\/a><\/td><td class=\"column-2\"><strong>IMMENSTADT<\/strong><br \/>\n<a href=\"https:\/\/www.gesichter-der-erde.de\/homepage\/\" target=\"_blank\">Gesichter der Erde<\/a><\/td><td class=\"column-3\"><strong>17. Januar 2019<br \/>\n<\/strong>Donnerstag<\/td><td class=\"column-4\"><strong>BEGINN 20:00 Uhr<\/strong><br \/>\n<\/td><td class=\"column-5\"><strong><a href=\"https:\/\/www.gesichter-der-erde.de\/vortraege\/wildes-suedamerika\/\" rel=\"noopener\" target=\"_blank\">AUSVERKAUFT - Zusatztermin am 24.1.<\/a><\/strong><\/td>\n<\/tr>\n<tr class=\"row-3\">\n\t<td class=\"column-1\"><a href=\"http:\/\/www.abseitsreisen.de\/blog\/portfolio\/abenteuer-transafrika\/\" target=\"_blank\"><img loading=\"lazy\" decoding=\"async\" class=\"align center size-full wp-image-7066\" src=\"http:\/\/www.abseitsreisen.de\/blog\/wp-content\/uploads\/2012\/09\/Plakat-Show-5_ganz-klein.jpg\" alt=\"Plakat Show 5_ganz klein\" width=\"45\" height=\"57\" \/><\/a><\/td><td class=\"column-2\"><strong>STUTTGART<\/strong><br \/>\n<a href=\"https:\/\/www.messe-stuttgart.de\/cmt\/\" target=\"_blank\">CMT Messe<\/a><\/td><td class=\"column-3\"><strong>18. Januar 2019<br \/>\n<\/strong>Freitag<\/td><td class=\"column-4\"><strong>Kurzpr\u00e4sentationen<\/strong><br \/>\n<\/td><td class=\"column-5\"><strong><a href=\"https:\/\/www.messe-stuttgart.de\/cmt\/besucher\/vorverkaufsstellen\/\" rel=\"noopener\" target=\"_blank\">KARTEN<\/a><\/strong><\/td>\n<\/tr>\n<tr class=\"row-4\">\n\t<td class=\"column-1\"><a href=\"http:\/\/www.abseitsreisen.de\/blog\/portfolio\/abenteuer-transafrika\/\" target=\"_blank\"><img loading=\"lazy\" decoding=\"async\" class=\"align center size-full wp-image-7066\" src=\"http:\/\/www.abseitsreisen.de\/blog\/wp-content\/uploads\/2012\/09\/Plakat-Show-5_ganz-klein.jpg\" alt=\"Plakat Show 5_ganz klein\" width=\"45\" height=\"57\" \/><\/a><\/td><td class=\"column-2\"><strong>STUTTGART<\/strong><br \/>\n<a href=\"https:\/\/www.messe-stuttgart.de\/cmt\/\" target=\"_blank\">CMT Messe<\/a><\/td><td class=\"column-3\"><strong>19. Januar 2019<br \/>\n<\/strong>Samstag<\/td><td class=\"column-4\"><strong>Kurzpr\u00e4sentationen<\/strong><br \/>\n<\/td><td class=\"column-5\"><strong><a href=\"https:\/\/www.messe-stuttgart.de\/cmt\/besucher\/vorverkaufsstellen\/\" rel=\"noopener\" target=\"_blank\">KARTEN<\/a><\/strong><\/td>\n<\/tr>\n<tr class=\"row-5\">\n\t<td class=\"column-1\"><a href=\"http:\/\/www.abseitsreisen.de\/blog\/portfolio\/bis-ans-ende-der-welt\/\" target=\"_blank\"><img loading=\"lazy\" decoding=\"async\" src=\"http:\/\/www.abseitsreisen.de\/blog\/wp-content\/uploads\/2014\/01\/Bis-ans-Ende-der-Welt.jpg\" alt=\"Bis-ans-Ende-der-Welt\" width=\"45\" height=\"57\" class=\"alignleft size-full wp-image-4228\" srcset=\"https:\/\/www.abseitsreisen.de\/blog\/wp-content\/uploads\/2014\/01\/Bis-ans-Ende-der-Welt.jpg 305w, https:\/\/www.abseitsreisen.de\/blog\/wp-content\/uploads\/2014\/01\/Bis-ans-Ende-der-Welt-237x300.jpg 237w\" sizes=\"auto, (max-width: 45px) 100vw, 45px\" \/><\/a><\/a><\/td><td class=\"column-2\"><strong>FELLBACH<\/strong><br \/>\n<a href=\"https:\/\/www.expedition-erde.de\" rel=\"noopener\" target=\"_blank\">Expedition Erde<\/a><br \/>\n<\/td><td class=\"column-3\"><strong>20. Januar 2019<br \/>\n<\/strong>Sonntag<\/td><td class=\"column-4\"><strong>BEGINN 18:00 Uhr<\/strong><\/td><td class=\"column-5\"><strong><a href=\"https:\/\/www.expedition-erde-shop.de\" rel=\"noopener\" target=\"_blank\">KARTEN<\/a><\/strong><\/td>\n<\/tr>\n<tr class=\"row-6\">\n\t<td class=\"column-1\"><a href=\"http:\/\/www.abseitsreisen.de\/blog\/portfolio\/wildes-suedamerika\/\" target=\"_blank\"><img loading=\"lazy\" decoding=\"async\" class=\"align center size-full wp-image-4225\" src=\"http:\/\/www.abseitsreisen.de\/blog\/wp-content\/uploads\/2014\/01\/Plakat_Show_4_web.jpg\" alt=\"Plakat_Show_4_web\" width=\"45\" height=\"57\" srcset=\"https:\/\/www.abseitsreisen.de\/blog\/wp-content\/uploads\/2014\/01\/Plakat_Show_4_web.jpg 305w, https:\/\/www.abseitsreisen.de\/blog\/wp-content\/uploads\/2014\/01\/Plakat_Show_4_web-240x300.jpg 240w\" sizes=\"auto, (max-width: 45px) 100vw, 45px\" \/><\/a><\/td><td class=\"column-2\"><strong>KOBLENZ <\/strong><br \/>\n<a href=\"https:\/\/www.neissen-events.de\/produkt-kategorie\/live-reportagen\/\" rel=\"noopener\" target=\"_blank\">Kaleidoskop<\/a><\/td><td class=\"column-3\"><strong>21. Januar 2019<br \/>\n<\/strong>Montag<\/td><td class=\"column-4\"><strong>BEGINN 20:00 Uhr<\/strong><br \/>\n<\/td><td class=\"column-5\"><strong><a href=\"https:\/\/www.neissen-events.de\/produkt\/wildes-suedamerika\/\" rel=\"noopener\" target=\"_blank\">KARTEN<\/a><\/strong><\/td>\n<\/tr>\n<tr class=\"row-7\">\n\t<td class=\"column-1\"><a href=\"http:\/\/www.abseitsreisen.de\/blog\/portfolio\/wildes-suedamerika\/\" target=\"_blank\"><img loading=\"lazy\" decoding=\"async\" class=\"align center size-full wp-image-4225\" src=\"http:\/\/www.abseitsreisen.de\/blog\/wp-content\/uploads\/2014\/01\/Plakat_Show_4_web.jpg\" alt=\"Plakat_Show_4_web\" width=\"45\" height=\"57\" srcset=\"https:\/\/www.abseitsreisen.de\/blog\/wp-content\/uploads\/2014\/01\/Plakat_Show_4_web.jpg 305w, https:\/\/www.abseitsreisen.de\/blog\/wp-content\/uploads\/2014\/01\/Plakat_Show_4_web-240x300.jpg 240w\" sizes=\"auto, (max-width: 45px) 100vw, 45px\" \/><\/a><\/td><td class=\"column-2\"><strong>IMMENSTADT ZUSATZTERMIN<\/strong><br \/>\n<a href=\"https:\/\/www.gesichter-der-erde.de\/homepage\/\" target=\"_blank\">Gesichter der Erde<\/a><\/td><td class=\"column-3\"><strong>24. Januar 2019<br \/>\n<\/strong>Donnerstag<\/td><td class=\"column-4\"><strong>BEGINN 20:00 Uhr<\/strong><br \/>\n<\/td><td class=\"column-5\"><strong><a href=\"https:\/\/www.gesichter-der-erde.de\/vortraege\/wildes-suedamerika\/\" rel=\"noopener\" target=\"_blank\">KARTEN<\/a><\/strong><\/td>\n<\/tr>\n<tr class=\"row-8\">\n\t<td class=\"column-1\"><a href=\"http:\/\/www.abseitsreisen.de\/blog\/portfolio\/bis-ans-ende-der-welt\/\" target=\"_blank\"><img loading=\"lazy\" decoding=\"async\" src=\"http:\/\/www.abseitsreisen.de\/blog\/wp-content\/uploads\/2014\/01\/Bis-ans-Ende-der-Welt.jpg\" alt=\"Bis-ans-Ende-der-Welt\" width=\"45\" height=\"57\" class=\"alignleft size-full wp-image-4228\" srcset=\"https:\/\/www.abseitsreisen.de\/blog\/wp-content\/uploads\/2014\/01\/Bis-ans-Ende-der-Welt.jpg 305w, https:\/\/www.abseitsreisen.de\/blog\/wp-content\/uploads\/2014\/01\/Bis-ans-Ende-der-Welt-237x300.jpg 237w\" sizes=\"auto, (max-width: 45px) 100vw, 45px\" \/><\/a><\/a><\/td><td class=\"column-2\"><strong>KALLETAL<\/strong><br \/>\nRathaus Kalletal<\/td><td class=\"column-3\"><strong>25. Januar 2019<br \/>\n<\/strong>Freitag<\/td><td class=\"column-4\"><strong>BEGINN  19:00 Uhr<\/strong><br \/>\n<\/td><td class=\"column-5\"><strong><a href=\"http:\/\/www.kalletal.de\/city_info\/webaccessibility\/index.cfm?item_id=839626&amp;waid=99&amp;modul_id=118&amp;record_id=448069&amp;event_regions=own&amp;kalender_month=1&amp;kalender_year=2019\" rel=\"noopener\" target=\"_blank\">KARTEN<\/a><\/strong><\/td>\n<\/tr>\n<tr class=\"row-9\">\n\t<td class=\"column-1\"><a href=\"http:\/\/www.abseitsreisen.de\/blog\/portfolio\/bis-ans-ende-der-welt\/\" target=\"_blank\"><img loading=\"lazy\" decoding=\"async\" src=\"http:\/\/www.abseitsreisen.de\/blog\/wp-content\/uploads\/2014\/01\/Bis-ans-Ende-der-Welt.jpg\" alt=\"Bis-ans-Ende-der-Welt\" width=\"45\" height=\"57\" class=\"alignleft size-full wp-image-4228\" srcset=\"https:\/\/www.abseitsreisen.de\/blog\/wp-content\/uploads\/2014\/01\/Bis-ans-Ende-der-Welt.jpg 305w, https:\/\/www.abseitsreisen.de\/blog\/wp-content\/uploads\/2014\/01\/Bis-ans-Ende-der-Welt-237x300.jpg 237w\" sizes=\"auto, (max-width: 45px) 100vw, 45px\" \/><\/a><\/a><\/td><td class=\"column-2\"><strong>TAMBACH<\/strong><br \/>\n<\/td><td class=\"column-3\"><strong>26. Januar 2019<br \/>\n<\/strong>Samstag<\/td><td class=\"column-4\"><strong>BEGINN folgt<\/strong><br \/>\n<\/td><td class=\"column-5\">ABENDKASSE<\/td>\n<\/tr>\n<tr class=\"row-10\">\n\t<td class=\"column-1\"><a href=\"http:\/\/www.abseitsreisen.de\/blog\/portfolio\/abenteuer-transafrika\/\" target=\"_blank\"><img loading=\"lazy\" decoding=\"async\" class=\"align center size-full wp-image-7066\" src=\"http:\/\/www.abseitsreisen.de\/blog\/wp-content\/uploads\/2012\/09\/Plakat-Show-5_ganz-klein.jpg\" alt=\"Plakat Show 5_ganz klein\" width=\"45\" height=\"57\" \/><\/a><\/td><td class=\"column-2\"><strong>K\u00d6LN<\/strong><br \/>\n<a href=\"https:\/\/www.grenzgang.de\" rel=\"noopener\" target=\"_blank\">Grenzgang<\/a><\/td><td class=\"column-3\"><strong>27. Januar 2019<br \/>\n<\/strong>Sonntag<\/td><td class=\"column-4\"><strong>BEGINN 17:30 Uhr<\/strong><br \/>\n<\/td><td class=\"column-5\"><strong><a href=\"https:\/\/www.grenzgang.de\/programm\/abenteuer-transafrika-im-oldtimer-durch-den-geheimnisvollen-kontinent\/\" rel=\"noopener\" target=\"_blank\">KARTEN<\/a><\/strong><\/td>\n<\/tr>\n<tr class=\"row-11\">\n\t<td class=\"column-1\"><a href=\"http:\/\/www.abseitsreisen.de\/blog\/portfolio\/fernost-und-fernwest\/\" target=\"_blank\"><img loading=\"lazy\" decoding=\"async\" src=\"http:\/\/www.abseitsreisen.de\/blog\/wp-content\/uploads\/2014\/01\/Fernost-und-Fernwest.jpg\" alt=\"Fernost-und-Fernwest\" width=\"45\" height=\"57\" class=\"alignleft size-full wp-image-4229\" srcset=\"https:\/\/www.abseitsreisen.de\/blog\/wp-content\/uploads\/2014\/01\/Fernost-und-Fernwest.jpg 305w, https:\/\/www.abseitsreisen.de\/blog\/wp-content\/uploads\/2014\/01\/Fernost-und-Fernwest-241x300.jpg 241w\" sizes=\"auto, (max-width: 45px) 100vw, 45px\" \/><\/a><\/a><\/td><td class=\"column-2\"><strong>INNSBRUCK<\/strong><br \/>\n<a href=\"https:\/\/www.autopark.at\" rel=\"noopener\" target=\"_blank\">Autopark<\/a><\/td><td class=\"column-3\"><strong>7. Februar 2019<br \/>\n<\/strong>Donnerstag<br \/>\n<\/td><td class=\"column-4\"><strong>BEGINN  19:00 Uhr<\/strong><br \/>\n<\/td><td class=\"column-5\"><a href=\"https:\/\/www.autopark.at\/autopark-innsbruck\/\" rel=\"noopener\" target=\"_blank\"><strong>KARTEN<\/strong><\/a><\/td>\n<\/tr>\n<tr class=\"row-12\">\n\t<td class=\"column-1\"><a href=\"http:\/\/www.abseitsreisen.de\/blog\/portfolio\/bis-ans-ende-der-welt\/\" target=\"_blank\"><img loading=\"lazy\" decoding=\"async\" src=\"http:\/\/www.abseitsreisen.de\/blog\/wp-content\/uploads\/2014\/01\/Bis-ans-Ende-der-Welt.jpg\" alt=\"Bis-ans-Ende-der-Welt\" width=\"45\" height=\"57\" class=\"alignleft size-full wp-image-4228\" srcset=\"https:\/\/www.abseitsreisen.de\/blog\/wp-content\/uploads\/2014\/01\/Bis-ans-Ende-der-Welt.jpg 305w, https:\/\/www.abseitsreisen.de\/blog\/wp-content\/uploads\/2014\/01\/Bis-ans-Ende-der-Welt-237x300.jpg 237w\" sizes=\"auto, (max-width: 45px) 100vw, 45px\" \/><\/a><\/a><\/td><td class=\"column-2\"><strong>GRAZ, \u00d6sterreich<\/strong><br \/>\n<a href=\"https:\/\/www.anderswo-festival.at\" rel=\"noopener\" target=\"_blank\">anderswo<\/a><\/td><td class=\"column-3\"><strong>10. Februar 2019<br \/>\n<\/strong>Sonntag<br \/>\n<\/td><td class=\"column-4\"><strong>BEGINN 14:00 Uhr<\/strong><br \/>\n<\/td><td class=\"column-5\"><strong><a href=\"https:\/\/www.anderswo-festival.at\/tickets\/\" rel=\"noopener\" target=\"_blank\">KARTEN<\/a><\/strong><\/td>\n<\/tr>\n<tr class=\"row-13\">\n\t<td class=\"column-1\"><a href=\"http:\/\/www.abseitsreisen.de\/blog\/portfolio\/bis-ans-ende-der-welt\/\" target=\"_blank\"><img loading=\"lazy\" decoding=\"async\" src=\"http:\/\/www.abseitsreisen.de\/blog\/wp-content\/uploads\/2014\/01\/Bis-ans-Ende-der-Welt.jpg\" alt=\"Bis-ans-Ende-der-Welt\" width=\"45\" height=\"57\" class=\"alignleft size-full wp-image-4228\" srcset=\"https:\/\/www.abseitsreisen.de\/blog\/wp-content\/uploads\/2014\/01\/Bis-ans-Ende-der-Welt.jpg 305w, https:\/\/www.abseitsreisen.de\/blog\/wp-content\/uploads\/2014\/01\/Bis-ans-Ende-der-Welt-237x300.jpg 237w\" sizes=\"auto, (max-width: 45px) 100vw, 45px\" \/><\/a><\/a><\/td><td class=\"column-2\"><strong>L\u00d6RRACH<\/strong><br \/>\n<a href=\"http:\/\/www.schulte-kellinghaus.de\/vortragsreihe-vision-erde\/uebersicht\/bis-ans-ende-der-welt\/\" rel=\"noopener\" target=\"_blank\">Vision Erde<\/a><\/td><td class=\"column-3\"><strong>17. Februar 2019<br \/>\n<\/strong>Sonntag<br \/>\n<\/td><td class=\"column-4\"><strong>BEGINN 17:00 Uhr<\/strong><\/td><td class=\"column-5\"><strong><a href=\"http:\/\/www.schulte-kellinghaus.de\/vortragsreihe-vision-erde\/uebersicht\/bis-ans-ende-der-welt\/\" rel=\"noopener\" target=\"_blank\">KARTEN<\/a><\/strong><\/td>\n<\/tr>\n<tr class=\"row-14\">\n\t<td class=\"column-1\"><a href=\"http:\/\/www.abseitsreisen.de\/blog\/portfolio\/unbekanntes-zentralamerika\/\" target=\"_blank\"><img loading=\"lazy\" decoding=\"async\" src=\"http:\/\/www.abseitsreisen.de\/blog\/wp-content\/uploads\/2016\/07\/Unbekanntes-Zentralamerika.jpg\" alt=\"\" width=\"45\" height=\"57\" class=\"alignleft size-full wp-image-8118\" srcset=\"https:\/\/www.abseitsreisen.de\/blog\/wp-content\/uploads\/2016\/07\/Unbekanntes-Zentralamerika.jpg 305w, https:\/\/www.abseitsreisen.de\/blog\/wp-content\/uploads\/2016\/07\/Unbekanntes-Zentralamerika-240x300.jpg 240w\" sizes=\"auto, (max-width: 45px) 100vw, 45px\" \/><\/a><\/a><\/td><td class=\"column-2\"><strong>BONN-BAD GODESBERG <\/strong><br \/>\n<a href=\"https:\/\/www.neissen-events.de\/produkt-kategorie\/live-reportagen\/\" rel=\"noopener\" target=\"_blank\">Kaleidoskop<\/a><\/td><td class=\"column-3\"><strong>18. Februar 2019<br \/>\n<\/strong>Montag<\/td><td class=\"column-4\"><strong>BEGINN 20:00 Uhr<\/strong><br \/>\n<\/td><td class=\"column-5\"><strong><a href=\"https:\/\/www.neissen-events.de\/produkt\/zentralamerika\/\" rel=\"noopener\" target=\"_blank\">KARTEN<\/a><\/strong><\/td>\n<\/tr>\n<tr class=\"row-15\">\n\t<td class=\"column-1\"><a href=\"http:\/\/www.abseitsreisen.de\/blog\/portfolio\/fernost-und-fernwest\/\" target=\"_blank\"><img loading=\"lazy\" decoding=\"async\" src=\"http:\/\/www.abseitsreisen.de\/blog\/wp-content\/uploads\/2014\/01\/Fernost-und-Fernwest.jpg\" alt=\"Fernost-und-Fernwest\" width=\"45\" height=\"57\" class=\"alignleft size-full wp-image-4229\" srcset=\"https:\/\/www.abseitsreisen.de\/blog\/wp-content\/uploads\/2014\/01\/Fernost-und-Fernwest.jpg 305w, https:\/\/www.abseitsreisen.de\/blog\/wp-content\/uploads\/2014\/01\/Fernost-und-Fernwest-241x300.jpg 241w\" sizes=\"auto, (max-width: 45px) 100vw, 45px\" \/><\/a><\/a><\/td><td class=\"column-2\"><strong>LUDWIGSBURG<\/strong><br \/>\n<a href=\"https:\/\/www.expedition-erde.de\" rel=\"noopener\" target=\"_blank\">Expedition Erde<\/a><\/td><td class=\"column-3\"><strong>21. Februar 2019<br \/>\n<\/strong>Donnerstag<\/td><td class=\"column-4\"><strong>BEGINN 20:00 Uhr<\/strong><\/td><td class=\"column-5\"><strong><a href=\"https:\/\/www.expedition-erde-shop.de\" rel=\"noopener\" target=\"_blank\">KARTEN<\/a><\/strong><\/td>\n<\/tr>\n<tr class=\"row-16\">\n\t<td class=\"column-1\"><a href=\"http:\/\/www.abseitsreisen.de\/blog\/portfolio\/wildes-suedamerika\/\" target=\"_blank\"><img loading=\"lazy\" decoding=\"async\" class=\"align center size-full wp-image-4225\" src=\"http:\/\/www.abseitsreisen.de\/blog\/wp-content\/uploads\/2014\/01\/Plakat_Show_4_web.jpg\" alt=\"Plakat_Show_4_web\" width=\"45\" height=\"57\" srcset=\"https:\/\/www.abseitsreisen.de\/blog\/wp-content\/uploads\/2014\/01\/Plakat_Show_4_web.jpg 305w, https:\/\/www.abseitsreisen.de\/blog\/wp-content\/uploads\/2014\/01\/Plakat_Show_4_web-240x300.jpg 240w\" sizes=\"auto, (max-width: 45px) 100vw, 45px\" \/><\/a><\/td><td class=\"column-2\"><strong>INGOLSTADT<\/strong><br \/>\n<a href=\"http:\/\/www.erdanziehung.com\" rel=\"noopener\" target=\"_blank\">Erdanziehung<\/a><\/td><td class=\"column-3\"><strong>22. Februar 2019<br \/>\n<\/strong>Freitag<\/td><td class=\"column-4\"><strong>BEGINN 19:30 Uhr<\/strong><br \/>\n<\/td><td class=\"column-5\"><strong><a href=\"https:\/\/shop.erdanziehung.com\/Wildes-SUeDAMERIKA\" rel=\"noopener\" target=\"_blank\">KARTEN<\/a><\/strong><\/td>\n<\/tr>\n<tr class=\"row-17\">\n\t<td class=\"column-1\"><a href=\"http:\/\/www.abseitsreisen.de\/blog\/portfolio\/wildes-suedamerika\/\" target=\"_blank\"><img loading=\"lazy\" decoding=\"async\" class=\"align center size-full wp-image-4225\" src=\"http:\/\/www.abseitsreisen.de\/blog\/wp-content\/uploads\/2014\/01\/Plakat_Show_4_web.jpg\" alt=\"Plakat_Show_4_web\" width=\"45\" height=\"57\" srcset=\"https:\/\/www.abseitsreisen.de\/blog\/wp-content\/uploads\/2014\/01\/Plakat_Show_4_web.jpg 305w, https:\/\/www.abseitsreisen.de\/blog\/wp-content\/uploads\/2014\/01\/Plakat_Show_4_web-240x300.jpg 240w\" sizes=\"auto, (max-width: 45px) 100vw, 45px\" \/><\/a><\/td><td class=\"column-2\"><strong>WIEN (A)<\/strong><br \/>\n<a href=https:\/\/allesleinwand.at\/\" rel=\"noopener\" target=\"_blank\">Alles Leinwand<\/a><\/td><td class=\"column-3\"><strong>23. Februar 2019<br \/>\n<\/strong>Samstag<\/td><td class=\"column-4\"><strong>BEGINN 14:00 Uhr<\/strong><br \/>\n<\/td><td class=\"column-5\"><strong><a href=\"https:\/\/allesleinwand.at\/project\/wildes-suedamerika\/\" rel=\"noopener\" target=\"_blank\">KARTEN<\/a><\/strong><\/td>\n<\/tr>\n<tr class=\"row-18\">\n\t<td class=\"column-1\"><a href=\"http:\/\/www.abseitsreisen.de\/blog\/portfolio\/bis-ans-ende-der-welt\/\" target=\"_blank\"><img loading=\"lazy\" decoding=\"async\" src=\"http:\/\/www.abseitsreisen.de\/blog\/wp-content\/uploads\/2014\/01\/Bis-ans-Ende-der-Welt.jpg\" alt=\"Bis-ans-Ende-der-Welt\" width=\"45\" height=\"57\" class=\"alignleft size-full wp-image-4228\" srcset=\"https:\/\/www.abseitsreisen.de\/blog\/wp-content\/uploads\/2014\/01\/Bis-ans-Ende-der-Welt.jpg 305w, https:\/\/www.abseitsreisen.de\/blog\/wp-content\/uploads\/2014\/01\/Bis-ans-Ende-der-Welt-237x300.jpg 237w\" sizes=\"auto, (max-width: 45px) 100vw, 45px\" \/><\/a><\/a><\/td><td class=\"column-2\"><strong>WIEN (A)<\/strong><br \/>\n<a href=https:\/\/allesleinwand.at\/\" rel=\"noopener\" target=\"_blank\">Alles Leinwand<\/a><\/td><td class=\"column-3\"><strong>23. Februar 2019<br \/>\n<\/strong>Samstag<\/td><td class=\"column-4\"><strong>BEGINN 19:00 Uhr<\/strong><br \/>\n<\/td><td class=\"column-5\"><strong><a href=\"https:\/\/allesleinwand.at\/project\/bis-ans-ende-der-welt-transasien\/\" rel=\"noopener\" target=\"_blank\">KARTEN<\/a><\/strong><\/td>\n<\/tr>\n<tr class=\"row-19\">\n\t<td class=\"column-1\"><a href=\"http:\/\/www.abseitsreisen.de\/blog\/portfolio\/wildes-suedamerika\/\" target=\"_blank\"><img loading=\"lazy\" decoding=\"async\" class=\"align center size-full wp-image-4225\" src=\"http:\/\/www.abseitsreisen.de\/blog\/wp-content\/uploads\/2014\/01\/Plakat_Show_4_web.jpg\" alt=\"Plakat_Show_4_web\" width=\"45\" height=\"57\" srcset=\"https:\/\/www.abseitsreisen.de\/blog\/wp-content\/uploads\/2014\/01\/Plakat_Show_4_web.jpg 305w, https:\/\/www.abseitsreisen.de\/blog\/wp-content\/uploads\/2014\/01\/Plakat_Show_4_web-240x300.jpg 240w\" sizes=\"auto, (max-width: 45px) 100vw, 45px\" \/><\/a><\/td><td class=\"column-2\"><strong>M\u00dcNCHEN<\/strong><br \/>\n<a href=\"https:\/\/www.michael-martin.de\/de\/termine_tickets\/abenteuer_erde_190310.html\" target=\"_blank\">Abenteuer Erde<br \/>\n<\/a><\/td><td class=\"column-3\"><strong>10. M\u00e4rz 2019<br \/>\n<\/strong>Sonntag<\/td><td class=\"column-4\"><strong>BEGINN 11:00 Uhr<\/strong><\/td><td class=\"column-5\"><strong><a href=\"https:\/\/www.michael-martin.de\/de\/termine_tickets\/abenteuer_erde.html#abe_0035\" rel=\"noopener\" target=\"_blank\">KARTEN<\/a><\/strong><br \/>\n<\/td>\n<\/tr>\n<tr class=\"row-20\">\n\t<td class=\"column-1\"><a href=\"http:\/\/www.abseitsreisen.de\/blog\/portfolio\/fernost-und-fernwest\/\" target=\"_blank\"><img loading=\"lazy\" decoding=\"async\" src=\"http:\/\/www.abseitsreisen.de\/blog\/wp-content\/uploads\/2014\/01\/Fernost-und-Fernwest.jpg\" alt=\"Fernost-und-Fernwest\" width=\"45\" height=\"57\" class=\"alignleft size-full wp-image-4229\" srcset=\"https:\/\/www.abseitsreisen.de\/blog\/wp-content\/uploads\/2014\/01\/Fernost-und-Fernwest.jpg 305w, https:\/\/www.abseitsreisen.de\/blog\/wp-content\/uploads\/2014\/01\/Fernost-und-Fernwest-241x300.jpg 241w\" sizes=\"auto, (max-width: 45px) 100vw, 45px\" \/><\/a><\/a><\/td><td class=\"column-2\"><strong>FREIBURG<\/strong><br \/>\n<a href=\"http:\/\/www.mundologia.de\/veranstaltung\/fernost-fernwest\/\" rel=\"noopener\" target=\"_blank\">Mundologia<\/a><\/td><td class=\"column-3\"><strong>12. M\u00e4rz 2019<br \/>\n<\/strong>Dienstag<\/td><td class=\"column-4\"><strong>BEGINN 19:30 Uhr<\/strong><br \/>\n<\/td><td class=\"column-5\"><strong><a href=\"http:\/\/www.mundologia.de\/tickets\/\" rel=\"noopener\" target=\"_blank\">KARTEN<\/a><\/strong><\/td>\n<\/tr>\n<tr class=\"row-21\">\n\t<td class=\"column-1\"><a href=\"http:\/\/www.abseitsreisen.de\/blog\/portfolio\/unbekanntes-zentralamerika\/\" target=\"_blank\"><img loading=\"lazy\" decoding=\"async\" src=\"http:\/\/www.abseitsreisen.de\/blog\/wp-content\/uploads\/2016\/07\/Unbekanntes-Zentralamerika.jpg\" alt=\"\" width=\"45\" height=\"57\" class=\"alignleft size-full wp-image-8118\" srcset=\"https:\/\/www.abseitsreisen.de\/blog\/wp-content\/uploads\/2016\/07\/Unbekanntes-Zentralamerika.jpg 305w, https:\/\/www.abseitsreisen.de\/blog\/wp-content\/uploads\/2016\/07\/Unbekanntes-Zentralamerika-240x300.jpg 240w\" sizes=\"auto, (max-width: 45px) 100vw, 45px\" \/><\/a><\/a><\/td><td class=\"column-2\"><strong>R\u00d6DERMARK<\/strong><br \/>\n<a href=\"http:\/\/kulturhalle-roedermark.de\/\" target=\"_blank\">Kulturhalle<\/a><\/td><td class=\"column-3\"><strong>15. M\u00e4rz 2019<br \/>\n<\/strong>Freitag<\/td><td class=\"column-4\"><strong>BEGINN 19:30 Uhr<\/strong><br \/>\n<\/td><td class=\"column-5\"><strong><a href=\"http:\/\/tickets.vibus.de\/shop\/-\/R\u00f6dermark\/Kulturhalle_R\u00f6dermark\/Gro\u00dfer_Saal\/UNBEKANNTES_ZENTRALAMERIKA\/-\/00100571000000\/vstdetails.aspx?VstKey=10057100380056000\" rel=\"noopener\" target=\"_blank\">KARTEN<\/a><\/strong><\/td>\n<\/tr>\n<tr class=\"row-22\">\n\t<td class=\"column-1\"><a href=\"http:\/\/www.abseitsreisen.de\/blog\/portfolio\/wildes-suedamerika\/\" target=\"_blank\"><img loading=\"lazy\" decoding=\"async\" class=\"align center size-full wp-image-4225\" src=\"http:\/\/www.abseitsreisen.de\/blog\/wp-content\/uploads\/2014\/01\/Plakat_Show_4_web.jpg\" alt=\"Plakat_Show_4_web\" width=\"45\" height=\"57\" srcset=\"https:\/\/www.abseitsreisen.de\/blog\/wp-content\/uploads\/2014\/01\/Plakat_Show_4_web.jpg 305w, https:\/\/www.abseitsreisen.de\/blog\/wp-content\/uploads\/2014\/01\/Plakat_Show_4_web-240x300.jpg 240w\" sizes=\"auto, (max-width: 45px) 100vw, 45px\" \/><\/a><\/td><td class=\"column-2\"><strong>STUTTGART<\/strong><br \/>\n<a href=\"https:\/\/www.traumundabenteuer.com\" rel=\"noopener\" target=\"_blank\">Traum und Abenteuer<\/a><\/td><td class=\"column-3\"><strong>17. M\u00e4rz 2019<br \/>\n<\/strong>Sonntag<\/td><td class=\"column-4\"><strong>BEGINN 11:00 Uhr<\/strong><br \/>\n<\/td><td class=\"column-5\"><strong><a href=\"https:\/\/shop.traumundabenteuer.com\/WILDES-SUeDAMERIKA\" rel=\"noopener\" target=\"_blank\">KARTEN<\/a><\/strong><\/td>\n<\/tr>\n<tr class=\"row-23\">\n\t<td class=\"column-1\"><a href=\"http:\/\/www.abseitsreisen.de\/blog\/portfolio\/bis-ans-ende-der-welt\/\" target=\"_blank\"><img loading=\"lazy\" decoding=\"async\" src=\"http:\/\/www.abseitsreisen.de\/blog\/wp-content\/uploads\/2014\/01\/Bis-ans-Ende-der-Welt.jpg\" alt=\"Bis-ans-Ende-der-Welt\" width=\"45\" height=\"57\" class=\"alignleft size-full wp-image-4228\" srcset=\"https:\/\/www.abseitsreisen.de\/blog\/wp-content\/uploads\/2014\/01\/Bis-ans-Ende-der-Welt.jpg 305w, https:\/\/www.abseitsreisen.de\/blog\/wp-content\/uploads\/2014\/01\/Bis-ans-Ende-der-Welt-237x300.jpg 237w\" sizes=\"auto, (max-width: 45px) 100vw, 45px\" \/><\/a><\/a><\/td><td class=\"column-2\"><strong>AUGSBURG-G\u00d6GGINGEN<\/strong><br \/>\n<a href=\"https:\/\/www.expedition-erde.de\" rel=\"noopener\" target=\"_blank\">Expedition Erde<\/a><\/td><td class=\"column-3\"><strong>22. M\u00e4rz 2019<br \/>\n<\/strong>Freitag<\/td><td class=\"column-4\"><strong>BEGINN 19:30 Uhr<\/strong><\/td><td class=\"column-5\"><strong><a href=\"https:\/\/www.expedition-erde-shop.de\" rel=\"noopener\" target=\"_blank\">KARTEN<\/a><\/strong><\/td>\n<\/tr>\n<tr class=\"row-24\">\n\t<td class=\"column-1\"><a href=\"http:\/\/www.abseitsreisen.de\/blog\/portfolio\/bis-ans-ende-der-welt\/\" target=\"_blank\"><img loading=\"lazy\" decoding=\"async\" src=\"http:\/\/www.abseitsreisen.de\/blog\/wp-content\/uploads\/2014\/01\/Bis-ans-Ende-der-Welt.jpg\" alt=\"Bis-ans-Ende-der-Welt\" width=\"45\" height=\"57\" class=\"alignleft size-full wp-image-4228\" srcset=\"https:\/\/www.abseitsreisen.de\/blog\/wp-content\/uploads\/2014\/01\/Bis-ans-Ende-der-Welt.jpg 305w, https:\/\/www.abseitsreisen.de\/blog\/wp-content\/uploads\/2014\/01\/Bis-ans-Ende-der-Welt-237x300.jpg 237w\" sizes=\"auto, (max-width: 45px) 100vw, 45px\" \/><\/a><\/a><\/td><td class=\"column-2\"><strong>HANNOVER<\/strong><br \/>\nDurch die sch\u00f6ne weite Welt<\/td><td class=\"column-3\"><strong>26. M\u00e4rz 2019<br \/>\n<\/strong>Dienstag<\/td><td class=\"column-4\"><strong>BEGINN 19:30 Uhr<\/strong><br \/>\n<br \/>\n<\/td><td class=\"column-5\"><strong><a href=\"https:\/\/www.eventim.de\/weltumrundung-im-oldtimer-etappe-1-mit-sabine-hoppe-thomas-rahn-hannover-tickets.html?affiliate=HZA&amp;fun=evdetail&amp;doc=evdetailb&amp;key=581542%2410999378&amp;fromPromoWithEridRestriction=true\" rel=\"noopener\" target=\"_blank\">KARTEN<\/a><\/strong><br \/>\n<\/td>\n<\/tr>\n<tr class=\"row-25\">\n\t<td class=\"column-1\"><a href=\"http:\/\/www.abseitsreisen.de\/blog\/portfolio\/wildes-suedamerika\/\" target=\"_blank\"><img loading=\"lazy\" decoding=\"async\" class=\"align center size-full wp-image-4225\" src=\"http:\/\/www.abseitsreisen.de\/blog\/wp-content\/uploads\/2014\/01\/Plakat_Show_4_web.jpg\" alt=\"Plakat_Show_4_web\" width=\"45\" height=\"57\" srcset=\"https:\/\/www.abseitsreisen.de\/blog\/wp-content\/uploads\/2014\/01\/Plakat_Show_4_web.jpg 305w, https:\/\/www.abseitsreisen.de\/blog\/wp-content\/uploads\/2014\/01\/Plakat_Show_4_web-240x300.jpg 240w\" sizes=\"auto, (max-width: 45px) 100vw, 45px\" \/><\/a><\/td><td class=\"column-2\"><strong>Bad Kissingen<\/strong><br \/>\n<a href=\"https:\/\/www.abenteuer-allrad.de\/\" target=\"_blank\">Abenteuer &amp; Allrad Messe<br \/>\n<\/a><\/td><td class=\"column-3\"><strong>21. Juni 2019<br \/>\n<\/strong>Freitag<\/td><td class=\"column-4\"><strong>BEGINN 14:00 Uhr<\/strong><br \/>\n<\/td><td class=\"column-5\"><strong><a href=\"https:\/\/www.abenteuer-allrad.de\/shop\/vortraege\/vortragskarte-wildes-suedamerika\" rel=\"noopener\" target=\"_blank\">KARTEN<\/a><\/strong><br \/>\n<\/td>\n<\/tr>\n<\/tbody>\n<\/table>\n<!-- #tablepress-24 from cache -->\n<p style=\"text-align: left;\">Im Sommer freuen wir uns darauf &#8211; mittlerweile zum dritten Mal &#8211; auf der gr\u00f6\u00dften\u00a0Offroad-Reisemesse der Welt in Bad Kissingen\u00a0von einem weiteren Teil unserer Reise zu berichten. Da in den vergangenen beiden Jahren bereits vorab alle Tickets vergriffen waren, rechnen wir auch 2019 auf der Abenteuer &amp; Allrad wieder mit einer komplett ausverkauften Halle. Wer bei &#8222;Wildes S\u00fcdamerika&#8220; in Bad Kissingen dabei sein m\u00f6chte, sollte sich in jedem Fall rechtzeitig <a href=\"https:\/\/www.abenteuer-allrad.de\/shop\/vortraege\/vortragskarte-wildes-suedamerika\" target=\"_blank\" rel=\"noopener\">Tickets<\/a>\u00a0sichern.<\/p>\n<p style=\"text-align: left;\">F\u00fcr den n\u00e4chsten Winter 19\/20 planen wir eine weitere Vortragstournee durch Deutschland und \u00d6sterreich. Erste Termine f\u00fcr Erlangen (Fernweh Festival) &#8211; M\u00fcnchen (Muffathalle) &#8211; Dresden (Bilder der Erde) &#8211; Freiburg (Mundologia) &#8211; K\u00f6ln (grenzgang) &#8211; Marburg &#8211; Braunschweig &#8211; Bad Blankenburg &#8211; Schw\u00e4bisch Gm\u00fcnd stehen fest. Alles Weitere geben wir rechtzeitig <a href=\"https:\/\/www.abseitsreisen.de\/blog\/reise-vortrage\/termine\/\">hier<\/a> auf der Webseite bekannt.<\/p>\n<p>Wenn ihr informiert bleiben wollt, wann wir mit einer Live-Reportage in eurer N\u00e4he sind, k\u00f6nnt ihr Euch\u00a0<a href=\"https:\/\/signup.ymlp.com\/xgbbewmegmgus\">f\u00fcr den Newsletter anmelden<\/a>.<\/p>\n<p style=\"text-align: left;\">Und im M\u00e4rz gibt es noch eine ganz besondere \u00dcberraschung \u2013 seid gespannt!<\/p>\n","protected":false},"excerpt":{"rendered":"<p>Wow, was f\u00fcr ein tolles Gef\u00fchl, bei ausverkauftem Haus vor 1000 Zuschauern \u00fcber unsere Reise erz\u00e4hlen zu d\u00fcrfen! Das war letztes Jahr beim Freitr\u00e4umer-Festival in Plauen\u00a0ein ganz besonderes Erlebnis. Als wir mit Paula auf diese Reise um die Welt aufgebrochen &hellip; <a href=\"https:\/\/www.abseitsreisen.de\/blog\/2019\/01\/13\/grandioser-start-ins-neue-jahr\/\">Weiterlesen<\/a><\/p>\n","protected":false},"author":2,"featured_media":181981,"comment_status":"closed","ping_status":"open","sticky":false,"template":"","format":"standard","meta":{"kt_blocks_editor_width":"","_metis_text_type":"standard","_metis_text_length":4178,"_post_count":0,"footnotes":""},"categories":[16],"tags":[],"class_list":["post-181969","post","type-post","status-publish","format-standard","has-post-thumbnail","hentry","category-veranstaltungen"],"aioseo_notices":[],"public_identification_id":"bea84e20c87a4f2091a6dc782409170f","private_identification_id":"fe98f91fe51547368e6d6de0e53eaefa","_links":{"self":[{"href":"https:\/\/www.abseitsreisen.de\/blog\/wp-json\/wp\/v2\/posts\/181969","targetHints":{"allow":["GET"]}}],"collection":[{"href":"https:\/\/www.abseitsreisen.de\/blog\/wp-json\/wp\/v2\/posts"}],"about":[{"href":"https:\/\/www.abseitsreisen.de\/blog\/wp-json\/wp\/v2\/types\/post"}],"author":[{"embeddable":true,"href":"https:\/\/www.abseitsreisen.de\/blog\/wp-json\/wp\/v2\/users\/2"}],"replies":[{"embeddable":true,"href":"https:\/\/www.abseitsreisen.de\/blog\/wp-json\/wp\/v2\/comments?post=181969"}],"version-history":[{"count":15,"href":"https:\/\/www.abseitsreisen.de\/blog\/wp-json\/wp\/v2\/posts\/181969\/revisions"}],"predecessor-version":[{"id":181997,"href":"https:\/\/www.abseitsreisen.de\/blog\/wp-json\/wp\/v2\/posts\/181969\/revisions\/181997"}],"wp:featuredmedia":[{"embeddable":true,"href":"https:\/\/www.abseitsreisen.de\/blog\/wp-json\/wp\/v2\/media\/181981"}],"wp:attachment":[{"href":"https:\/\/www.abseitsreisen.de\/blog\/wp-json\/wp\/v2\/media?parent=181969"}],"wp:term":[{"taxonomy":"category","embeddable":true,"href":"https:\/\/www.abseitsreisen.de\/blog\/wp-json\/wp\/v2\/categories?post=181969"},{"taxonomy":"post_tag","embeddable":true,"href":"https:\/\/www.abseitsreisen.de\/blog\/wp-json\/wp\/v2\/tags?post=181969"}],"curies":[{"name":"wp","href":"https:\/\/api.w.org\/{rel}","templated":true}]}}