{"id":181998,"date":"2019-01-17T06:30:42","date_gmt":"2019-01-17T05:30:42","guid":{"rendered":"http:\/\/www.abseitsreisen.de\/blog\/?p=181998"},"modified":"2019-01-14T16:09:55","modified_gmt":"2019-01-14T15:09:55","slug":"hin-und-weg-abenteuer-hautnah-erleben","status":"publish","type":"post","link":"https:\/\/www.abseitsreisen.de\/blog\/2019\/01\/17\/hin-und-weg-abenteuer-hautnah-erleben\/","title":{"rendered":"HIN UND WEG &#8211; Abenteuer hautnah erleben!"},"content":{"rendered":"<p>Unsere Veranstaltungsreihe HIN UND WEG in Amberg l\u00e4uft nun mittlerweile in der dritten Saison. Wir freuen uns \u00fcber das stetig wachsende Interesse an den Reisevortr\u00e4gen im Musikomm Amberg. Diese Saison waren wir zusammen mit unseren G\u00e4sten bereits in Zentralamerika, auf Island und Gr\u00f6nland und zuletzt, Anfang Januar, mit dem Fahrrad um die Welt unterwegs. Herzlichen Dank f\u00fcr vielen begeisterten R\u00fcckmeldungen, die wir gerne an die geladenen Referenten weitergegeben haben.<\/p>\n<p>Wir freuen uns auf zwei weitere Vortr\u00e4ge in dieser Saison. Am 02.02.19 werden wir zusammen mit Johannes Maria Schwarz zu Fu\u00df nach Jerusalem pilgern und am 23.03.19 mit Pascal Violo die Bergwelt des Himalaya erkunden. Karten gibt im Caf\u00e9 Baroco, bei der Amberger Zeitung und bei <a href=\"https:\/\/okticket.de\/index.php?searchexpression=hin+und+weg\">okticket.de<\/a>.<\/p>\n<p><a href=\"https:\/\/www.abseitsreisen.de\/blog\/wp-content\/uploads\/2019\/01\/zu-fuss-blog.jpg\"><img loading=\"lazy\" decoding=\"async\" class=\"alignleft size-full wp-image-182001\" src=\"https:\/\/www.abseitsreisen.de\/blog\/wp-content\/uploads\/2019\/01\/zu-fuss-blog.jpg\" alt=\"\" width=\"1140\" height=\"450\" data-id=\"182001\" srcset=\"https:\/\/www.abseitsreisen.de\/blog\/wp-content\/uploads\/2019\/01\/zu-fuss-blog.jpg 1140w, https:\/\/www.abseitsreisen.de\/blog\/wp-content\/uploads\/2019\/01\/zu-fuss-blog-300x118.jpg 300w, https:\/\/www.abseitsreisen.de\/blog\/wp-content\/uploads\/2019\/01\/zu-fuss-blog-768x303.jpg 768w, https:\/\/www.abseitsreisen.de\/blog\/wp-content\/uploads\/2019\/01\/zu-fuss-blog-1024x404.jpg 1024w, https:\/\/www.abseitsreisen.de\/blog\/wp-content\/uploads\/2019\/01\/zu-fuss-blog-600x237.jpg 600w\" sizes=\"auto, (max-width: 1140px) 100vw, 1140px\" \/><\/a><\/p>\n<p><a href=\"https:\/\/www.abseitsreisen.de\/blog\/wp-content\/uploads\/2019\/01\/Himalaya-blog-1.jpg\"><img loading=\"lazy\" decoding=\"async\" class=\"alignleft size-full wp-image-182003\" src=\"https:\/\/www.abseitsreisen.de\/blog\/wp-content\/uploads\/2019\/01\/Himalaya-blog-1.jpg\" alt=\"\" width=\"1140\" height=\"450\" data-id=\"182003\" srcset=\"https:\/\/www.abseitsreisen.de\/blog\/wp-content\/uploads\/2019\/01\/Himalaya-blog-1.jpg 1140w, https:\/\/www.abseitsreisen.de\/blog\/wp-content\/uploads\/2019\/01\/Himalaya-blog-1-300x118.jpg 300w, https:\/\/www.abseitsreisen.de\/blog\/wp-content\/uploads\/2019\/01\/Himalaya-blog-1-768x303.jpg 768w, https:\/\/www.abseitsreisen.de\/blog\/wp-content\/uploads\/2019\/01\/Himalaya-blog-1-1024x404.jpg 1024w, https:\/\/www.abseitsreisen.de\/blog\/wp-content\/uploads\/2019\/01\/Himalaya-blog-1-600x237.jpg 600w\" sizes=\"auto, (max-width: 1140px) 100vw, 1140px\" \/><\/a><\/p>\n<p>Auf ein ganz besonderes Highlight freuen wir uns im Herbst 2019. Dann wird Reinhold Messner bei HIN UND WEG in Amberg zu Gast sein. Am 21.11.19 berichtet er im ACC Amberg \u00fcber sein abenteuerliches Leben. Wer Reinhold Messner live in Amberg erleben m\u00f6chte, kann sich bereits jetzt ein Ticket sichern. Karten gibt es u.a. im Caf\u00e9 Baroco und auf <a href=\"https:\/\/shop.erdanziehung.com\/REINHOLD-MESSNER-LIVE_1\">www.erdanziehung.de<\/a><\/p>\n<figure id=\"attachment_182008\" class=\"thumbnail wp-caption alignleft\" style=\"width: 1140px\"><a href=\"https:\/\/www.abseitsreisen.de\/blog\/wp-content\/uploads\/2019\/01\/Messner_Pressebild10_web.jpg\"><img loading=\"lazy\" decoding=\"async\" class=\"size-full wp-image-182008\" src=\"https:\/\/www.abseitsreisen.de\/blog\/wp-content\/uploads\/2019\/01\/Messner_Pressebild10_web.jpg\" alt=\"\" width=\"1140\" height=\"600\" data-id=\"182008\" srcset=\"https:\/\/www.abseitsreisen.de\/blog\/wp-content\/uploads\/2019\/01\/Messner_Pressebild10_web.jpg 1140w, https:\/\/www.abseitsreisen.de\/blog\/wp-content\/uploads\/2019\/01\/Messner_Pressebild10_web-300x158.jpg 300w, https:\/\/www.abseitsreisen.de\/blog\/wp-content\/uploads\/2019\/01\/Messner_Pressebild10_web-768x404.jpg 768w, https:\/\/www.abseitsreisen.de\/blog\/wp-content\/uploads\/2019\/01\/Messner_Pressebild10_web-1024x539.jpg 1024w, https:\/\/www.abseitsreisen.de\/blog\/wp-content\/uploads\/2019\/01\/Messner_Pressebild10_web-600x316.jpg 600w\" sizes=\"auto, (max-width: 1140px) 100vw, 1140px\" \/><\/a><figcaption class=\"caption wp-caption-text\">\u00a9 2012 Heinz Heiss, foto@heinzheiss.de<\/figcaption><\/figure>\n","protected":false},"excerpt":{"rendered":"<p>Unsere Veranstaltungsreihe HIN UND WEG in Amberg l\u00e4uft nun mittlerweile in der dritten Saison. Wir freuen uns \u00fcber das stetig wachsende Interesse an den Reisevortr\u00e4gen im Musikomm Amberg. Diese Saison waren wir zusammen mit unseren G\u00e4sten bereits in Zentralamerika, auf &hellip; <a href=\"https:\/\/www.abseitsreisen.de\/blog\/2019\/01\/17\/hin-und-weg-abenteuer-hautnah-erleben\/\">Weiterlesen<\/a><\/p>\n","protected":false},"author":2,"featured_media":182000,"comment_status":"closed","ping_status":"open","sticky":false,"template":"","format":"standard","meta":{"kt_blocks_editor_width":"","_metis_text_type":"","_metis_text_length":1167,"_post_count":0,"footnotes":""},"categories":[16],"tags":[],"class_list":["post-181998","post","type-post","status-publish","format-standard","has-post-thumbnail","hentry","category-veranstaltungen"],"aioseo_notices":[],"_links":{"self":[{"href":"https:\/\/www.abseitsreisen.de\/blog\/wp-json\/wp\/v2\/posts\/181998","targetHints":{"allow":["GET"]}}],"collection":[{"href":"https:\/\/www.abseitsreisen.de\/blog\/wp-json\/wp\/v2\/posts"}],"about":[{"href":"https:\/\/www.abseitsreisen.de\/blog\/wp-json\/wp\/v2\/types\/post"}],"author":[{"embeddable":true,"href":"https:\/\/www.abseitsreisen.de\/blog\/wp-json\/wp\/v2\/users\/2"}],"replies":[{"embeddable":true,"href":"https:\/\/www.abseitsreisen.de\/blog\/wp-json\/wp\/v2\/comments?post=181998"}],"version-history":[{"count":7,"href":"https:\/\/www.abseitsreisen.de\/blog\/wp-json\/wp\/v2\/posts\/181998\/revisions"}],"predecessor-version":[{"id":182012,"href":"https:\/\/www.abseitsreisen.de\/blog\/wp-json\/wp\/v2\/posts\/181998\/revisions\/182012"}],"wp:featuredmedia":[{"embeddable":true,"href":"https:\/\/www.abseitsreisen.de\/blog\/wp-json\/wp\/v2\/media\/182000"}],"wp:attachment":[{"href":"https:\/\/www.abseitsreisen.de\/blog\/wp-json\/wp\/v2\/media?parent=181998"}],"wp:term":[{"taxonomy":"category","embeddable":true,"href":"https:\/\/www.abseitsreisen.de\/blog\/wp-json\/wp\/v2\/categories?post=181998"},{"taxonomy":"post_tag","embeddable":true,"href":"https:\/\/www.abseitsreisen.de\/blog\/wp-json\/wp\/v2\/tags?post=181998"}],"curies":[{"name":"wp","href":"https:\/\/api.w.org\/{rel}","templated":true}]}}