{"id":182932,"date":"2020-03-01T12:40:54","date_gmt":"2020-03-01T11:40:54","guid":{"rendered":"http:\/\/www.abseitsreisen.de\/blog\/?p=182932"},"modified":"2020-03-02T22:11:43","modified_gmt":"2020-03-02T21:11:43","slug":"podcast-und-das-buch-in-der-4-auflage","status":"publish","type":"post","link":"https:\/\/www.abseitsreisen.de\/blog\/2020\/03\/01\/podcast-und-das-buch-in-der-4-auflage\/","title":{"rendered":"Podcast und das Buch in der 4. Auflage"},"content":{"rendered":"<h4>Reisepodcast<\/h4>\n<p>Schon wieder gibt es viele Neuigkeiten: Es gibt einen neuen Podcast zur Weltumrundung im Oldtimer. In Bielefeld sprach Thomas mit Rebecca Schirge von der Podcastfabrik. Das Gespr\u00e4ch \u00fcber die H\u00f6hen und Tiefen einer Reise im Oldtimer um die Welt findet ihr <a href=\"https:\/\/open.spotify.com\/episode\/0fYuNcvsD8BFea4OWPdl6a\">bei Spotify <\/a>und als Episode #38 bei der <a href=\"http:\/\/www.podcastfabrik.de\/podcasttipps\/reisepodcast\/\">Podcastfabrik<\/a><\/p>\n<p><a href=\"http:\/\/www.podcastfabrik.de\/podcasttipps\/reisepodcast\/\"><img loading=\"lazy\" decoding=\"async\" class=\"aligncenter wp-image-182945 size-full\" src=\"https:\/\/www.abseitsreisen.de\/blog\/wp-content\/uploads\/2020\/02\/Reisepodcast.jpg\" alt=\"\" width=\"1200\" height=\"601\" data-id=\"182945\" srcset=\"https:\/\/www.abseitsreisen.de\/blog\/wp-content\/uploads\/2020\/02\/Reisepodcast.jpg 1200w, https:\/\/www.abseitsreisen.de\/blog\/wp-content\/uploads\/2020\/02\/Reisepodcast-300x150.jpg 300w, https:\/\/www.abseitsreisen.de\/blog\/wp-content\/uploads\/2020\/02\/Reisepodcast-768x385.jpg 768w, https:\/\/www.abseitsreisen.de\/blog\/wp-content\/uploads\/2020\/02\/Reisepodcast-1024x513.jpg 1024w\" sizes=\"auto, (max-width: 1200px) 100vw, 1200px\" \/><\/a><\/p>\n<h4><\/h4>\n<h4><\/h4>\n<p>&nbsp;<\/p>\n<h4>Termine Fotoreportagen<\/h4>\n<p>Es geht weiter kreuz und quer durch Deutschland auf der bisher gr\u00f6\u00dften Vortragstournee. Eine kleine Faschingspause liegt hinter uns und schon sind wir wieder unterwegs. Wir freuen uns auf die anstehenden Termine in Freinburg bei MUNDOLOGIA, bei ERDANZIEHUNG in N\u00fcrnberg und die gro\u00dfe Tour mit GRENZGANG. Die noch anstehenden Termine findet ihr <a href=\"https:\/\/www.abseitsreisen.de\/blog\/reise-vortrage\/termine\/\">hier auf der Seite<\/a>.<\/p>\n<p>&nbsp;<\/p>\n<h4>Abenteuer &amp; Allrad Messe 2020<\/h4>\n<p>F\u00fcr die kommende Abenteuer &amp; Allrad Messe in Bad Kissingen wird bald der Vorverkauf beginnen. In den vergangenen Jahren waren unsere Reisereportagen dort in der Vortragshalle bereits vorab ausverkauft. Wer also Lust hat mit dabei zu sein, sollte sich rechtzeitig die Karten sichern. Wir werden dort am Donnerstag, den 11. Juni um 12:00 Uhr und 15:00 Uhr von der Durchquerung Zentralamerikas im Oldtimer berichten. Auch Petra und Gerhard Zwerger-Schoner sind mit dabei, Alexander Eischeid und Konstantin Abert. Freut Euch also auf ein unterhaltsames Vortragsprogramm. Hier geht es zu den &gt; <a href=\"https:\/\/www.abenteuer-allrad.de\/vortragsreihe\/\">Infos der Vortragsreihe<\/a><\/p>\n<h4><\/h4>\n<h4>Buch &#8211; 4. Auflage<\/h4>\n<p>Es gibt noch etwas zu feiern: Das Buch zur Weltumrundung im Oldtimer geht innerhalb des ersten Jahres der Erscheinung bereits in die vierte Auflage! Weiterhin steht &#8222;Sechs Jahre Weltumrundung&#8220; in der Bestsellerliste f\u00fcr Reiseberichte. Auf den Vortr\u00e4gen treffen wir viele Leser und wir freuen uns wirklich sehr \u00fcber die vielen netten R\u00fcckmeldungen zur unserer niedergeschriebenen Reisegeschichte. Ihr k\u00f6nnt das beim PIPER Verlag erschienene Buch weiterhin auch als pers\u00f6nlich signierte Ausgabe bei uns direkt bestellen. -&gt;<a href=\"https:\/\/www.abseitsreisen.de\/blog\/blog\/2019\/02\/18\/6-jahre-weltumrundung-das-buch-zur-reise-comming-soon\/\"> Hier die Infos und der Link zum Bestellformular<\/a>.<\/p>\n<p>&nbsp;<\/p>\n<p><img loading=\"lazy\" decoding=\"async\" class=\"aligncenter size-full wp-image-182948\" src=\"https:\/\/www.abseitsreisen.de\/blog\/wp-content\/uploads\/2020\/03\/IMG_3480.jpg\" alt=\"\" width=\"1600\" height=\"800\" data-id=\"182948\" srcset=\"https:\/\/www.abseitsreisen.de\/blog\/wp-content\/uploads\/2020\/03\/IMG_3480.jpg 1600w, https:\/\/www.abseitsreisen.de\/blog\/wp-content\/uploads\/2020\/03\/IMG_3480-300x150.jpg 300w, https:\/\/www.abseitsreisen.de\/blog\/wp-content\/uploads\/2020\/03\/IMG_3480-768x384.jpg 768w, https:\/\/www.abseitsreisen.de\/blog\/wp-content\/uploads\/2020\/03\/IMG_3480-1024x512.jpg 1024w, https:\/\/www.abseitsreisen.de\/blog\/wp-content\/uploads\/2020\/03\/IMG_3480-740x370.jpg 740w, https:\/\/www.abseitsreisen.de\/blog\/wp-content\/uploads\/2020\/03\/IMG_3480-370x185.jpg 370w\" sizes=\"auto, (max-width: 1600px) 100vw, 1600px\" \/><\/p>\n<p>&nbsp;<\/p>\n","protected":false},"excerpt":{"rendered":"<p>Reisepodcast Schon wieder gibt es viele Neuigkeiten: Es gibt einen neuen Podcast zur Weltumrundung im Oldtimer. In Bielefeld sprach Thomas mit Rebecca Schirge von der Podcastfabrik. Das Gespr\u00e4ch \u00fcber die H\u00f6hen und Tiefen einer Reise im Oldtimer um die Welt &hellip; <a href=\"https:\/\/www.abseitsreisen.de\/blog\/2020\/03\/01\/podcast-und-das-buch-in-der-4-auflage\/\">Weiterlesen<\/a><\/p>\n","protected":false},"author":3,"featured_media":182948,"comment_status":"closed","ping_status":"open","sticky":false,"template":"","format":"standard","meta":{"kt_blocks_editor_width":"","_metis_text_type":"","_metis_text_length":2000,"_post_count":0,"footnotes":""},"categories":[1],"tags":[],"class_list":["post-182932","post","type-post","status-publish","format-standard","has-post-thumbnail","hentry","category-reiseberichte"],"aioseo_notices":[],"_links":{"self":[{"href":"https:\/\/www.abseitsreisen.de\/blog\/wp-json\/wp\/v2\/posts\/182932","targetHints":{"allow":["GET"]}}],"collection":[{"href":"https:\/\/www.abseitsreisen.de\/blog\/wp-json\/wp\/v2\/posts"}],"about":[{"href":"https:\/\/www.abseitsreisen.de\/blog\/wp-json\/wp\/v2\/types\/post"}],"author":[{"embeddable":true,"href":"https:\/\/www.abseitsreisen.de\/blog\/wp-json\/wp\/v2\/users\/3"}],"replies":[{"embeddable":true,"href":"https:\/\/www.abseitsreisen.de\/blog\/wp-json\/wp\/v2\/comments?post=182932"}],"version-history":[{"count":7,"href":"https:\/\/www.abseitsreisen.de\/blog\/wp-json\/wp\/v2\/posts\/182932\/revisions"}],"predecessor-version":[{"id":182959,"href":"https:\/\/www.abseitsreisen.de\/blog\/wp-json\/wp\/v2\/posts\/182932\/revisions\/182959"}],"wp:featuredmedia":[{"embeddable":true,"href":"https:\/\/www.abseitsreisen.de\/blog\/wp-json\/wp\/v2\/media\/182948"}],"wp:attachment":[{"href":"https:\/\/www.abseitsreisen.de\/blog\/wp-json\/wp\/v2\/media?parent=182932"}],"wp:term":[{"taxonomy":"category","embeddable":true,"href":"https:\/\/www.abseitsreisen.de\/blog\/wp-json\/wp\/v2\/categories?post=182932"},{"taxonomy":"post_tag","embeddable":true,"href":"https:\/\/www.abseitsreisen.de\/blog\/wp-json\/wp\/v2\/tags?post=182932"}],"curies":[{"name":"wp","href":"https:\/\/api.w.org\/{rel}","templated":true}]}}