{"id":183256,"date":"2020-12-19T16:23:01","date_gmt":"2020-12-19T15:23:01","guid":{"rendered":"http:\/\/www.abseitsreisen.de\/blog\/?p=183256"},"modified":"2021-04-02T14:13:41","modified_gmt":"2021-04-02T12:13:41","slug":"live-im-talk-am-31-01-21-um-20-uhr","status":"publish","type":"post","link":"https:\/\/www.abseitsreisen.de\/blog\/2020\/12\/19\/live-im-talk-am-31-01-21-um-20-uhr\/","title":{"rendered":"Live im Talk &#8211; am 31.01.21 um 20 Uhr"},"content":{"rendered":"<p>&nbsp;<\/p>\n<p>Gerade erhielt ich einen Anruf, dass auch unsere letzten Live-Vortragstermine f\u00fcr dieses Fr\u00fchjahr verschoben werden m\u00fcssen. Vielen Dank an alle, die die Hoffnung noch nicht aufgegeben hatten, mit uns auf die wenigen verbliebenen Termine hingefiebert und vielleicht sogar schon Karten gekauft hatten. Wir versuchen so schnell wie m\u00f6glich, Ersatztermine bekanntzugeben.<\/p>\n<p>Aber es gibt auch Lichtblicke. Am kommenden<strong> Sonntag, den 31.01.21 um 20 Uhr<\/strong>, sind wir bei den Freitr\u00e4umern in Plauen zum Live-Talk eingeladen und werden von unseren Erfahrungen aus sechs Jahre Weltumrundung erz\u00e4hlen.<\/p>\n<p><img loading=\"lazy\" decoding=\"async\" class=\"alignleft wp-image-183257 size-large\" src=\"https:\/\/www.abseitsreisen.de\/blog\/wp-content\/uploads\/2021\/01\/1610977020_8195__7-1024x576.jpg\" alt=\"\" width=\"1024\" height=\"576\" data-id=\"183257\" srcset=\"https:\/\/www.abseitsreisen.de\/blog\/wp-content\/uploads\/2021\/01\/1610977020_8195__7-1024x576.jpg 1024w, https:\/\/www.abseitsreisen.de\/blog\/wp-content\/uploads\/2021\/01\/1610977020_8195__7-300x169.jpg 300w, https:\/\/www.abseitsreisen.de\/blog\/wp-content\/uploads\/2021\/01\/1610977020_8195__7-768x432.jpg 768w, https:\/\/www.abseitsreisen.de\/blog\/wp-content\/uploads\/2021\/01\/1610977020_8195__7-1536x864.jpg 1536w, https:\/\/www.abseitsreisen.de\/blog\/wp-content\/uploads\/2021\/01\/1610977020_8195__7.jpg 1920w\" sizes=\"auto, (max-width: 1024px) 100vw, 1024px\" \/><\/p>\n<p>Mario Goldstein wird mit uns \u00fcber die Anf\u00e4nge, den Aufbruch, die H\u00f6hen und Tiefen und den inneren Wandel sprechen, den eine derartige Reise mit sich bringt.\u00a0Dabei k\u00f6nnt Ihr Eure Fragen \u00fcber eine Chatfunktion direkt zu uns ins Studio senden.<\/p>\n<p>Hier k\u00f6nnt Ihr Euch <a href=\"https:\/\/www.freitraeumer-live.de\/?afid=148\" target=\"_blank\" rel=\"noopener noreferrer\">kostenlos anmelden<\/a> und den Talk verfolgen.<\/p>\n<p>Der Live-Talk findet auf Spendenbasis statt.\u00a0Ihr k\u00f6nnt frei entscheiden, wie viel Ihr f\u00fcr den Online-Live-Event spenden m\u00f6chtet, um die Veranstalter, das Studioteam und uns als Referenten zu unterst\u00fctzen.<\/p>\n<p>&nbsp;<\/p>\n<p>Schaltet ein und seid dabei! Wir freuen uns auf Euch und sind auf Eure Fragen gespannt!<\/p>\n<p>Bitte sagt den Termin auch Freunden, Bekannten und reiselustigen Gef\u00e4hrten weiter.<\/p>\n<p>&nbsp;<\/p>\n","protected":false},"excerpt":{"rendered":"<p>&nbsp; Gerade erhielt ich einen Anruf, dass auch unsere letzten Live-Vortragstermine f\u00fcr dieses Fr\u00fchjahr verschoben werden m\u00fcssen. Vielen Dank an alle, die die Hoffnung noch nicht aufgegeben hatten, mit uns auf die wenigen verbliebenen Termine hingefiebert und vielleicht sogar schon &hellip; <a href=\"https:\/\/www.abseitsreisen.de\/blog\/2020\/12\/19\/live-im-talk-am-31-01-21-um-20-uhr\/\">Weiterlesen<\/a><\/p>\n","protected":false},"author":2,"featured_media":183259,"comment_status":"closed","ping_status":"open","sticky":false,"template":"","format":"standard","meta":{"kt_blocks_editor_width":"","_metis_text_type":"","_metis_text_length":1285,"_post_count":0,"footnotes":""},"categories":[1,16],"tags":[],"class_list":["post-183256","post","type-post","status-publish","format-standard","has-post-thumbnail","hentry","category-reiseberichte","category-veranstaltungen"],"aioseo_notices":[],"_links":{"self":[{"href":"https:\/\/www.abseitsreisen.de\/blog\/wp-json\/wp\/v2\/posts\/183256","targetHints":{"allow":["GET"]}}],"collection":[{"href":"https:\/\/www.abseitsreisen.de\/blog\/wp-json\/wp\/v2\/posts"}],"about":[{"href":"https:\/\/www.abseitsreisen.de\/blog\/wp-json\/wp\/v2\/types\/post"}],"author":[{"embeddable":true,"href":"https:\/\/www.abseitsreisen.de\/blog\/wp-json\/wp\/v2\/users\/2"}],"replies":[{"embeddable":true,"href":"https:\/\/www.abseitsreisen.de\/blog\/wp-json\/wp\/v2\/comments?post=183256"}],"version-history":[{"count":4,"href":"https:\/\/www.abseitsreisen.de\/blog\/wp-json\/wp\/v2\/posts\/183256\/revisions"}],"predecessor-version":[{"id":183539,"href":"https:\/\/www.abseitsreisen.de\/blog\/wp-json\/wp\/v2\/posts\/183256\/revisions\/183539"}],"wp:featuredmedia":[{"embeddable":true,"href":"https:\/\/www.abseitsreisen.de\/blog\/wp-json\/wp\/v2\/media\/183259"}],"wp:attachment":[{"href":"https:\/\/www.abseitsreisen.de\/blog\/wp-json\/wp\/v2\/media?parent=183256"}],"wp:term":[{"taxonomy":"category","embeddable":true,"href":"https:\/\/www.abseitsreisen.de\/blog\/wp-json\/wp\/v2\/categories?post=183256"},{"taxonomy":"post_tag","embeddable":true,"href":"https:\/\/www.abseitsreisen.de\/blog\/wp-json\/wp\/v2\/tags?post=183256"}],"curies":[{"name":"wp","href":"https:\/\/api.w.org\/{rel}","templated":true}]}}