{"id":214978,"date":"2021-06-29T16:15:17","date_gmt":"2021-06-29T14:15:17","guid":{"rendered":"http:\/\/www.abseitsreisen.de\/blog\/?p=214978"},"modified":"2021-10-21T06:36:17","modified_gmt":"2021-10-21T04:36:17","slug":"sechs-jahre-weltumrundung-als-taschenbuch-bei-national-geographic-malik","status":"publish","type":"post","link":"https:\/\/www.abseitsreisen.de\/blog\/2021\/06\/29\/sechs-jahre-weltumrundung-als-taschenbuch-bei-national-geographic-malik\/","title":{"rendered":"&#8222;Sechs Jahre Weltumrundung&#8220; als Taschenbuch bei National Geographic \/ Malik"},"content":{"rendered":"<div id=\"pl-214978\"  class=\"panel-layout\" ><div id=\"pg-214978-0\"  class=\"panel-grid panel-no-style\" ><div id=\"pgc-214978-0-0\"  class=\"panel-grid-cell\" ><div id=\"panel-214978-0-0-0\" class=\"so-panel widget widget_media_image panel-first-child panel-last-child\" data-index=\"0\" ><img loading=\"lazy\" decoding=\"async\" width=\"202\" height=\"300\" src=\"https:\/\/www.abseitsreisen.de\/blog\/wp-content\/uploads\/2021\/06\/Cover-National-Geographic-web-202x300.jpg\" class=\"image wp-image-214979  attachment-medium size-medium\" alt=\"\" style=\"max-width: 100%; height: auto;\" srcset=\"https:\/\/www.abseitsreisen.de\/blog\/wp-content\/uploads\/2021\/06\/Cover-National-Geographic-web-202x300.jpg 202w, https:\/\/www.abseitsreisen.de\/blog\/wp-content\/uploads\/2021\/06\/Cover-National-Geographic-web-690x1024.jpg 690w, https:\/\/www.abseitsreisen.de\/blog\/wp-content\/uploads\/2021\/06\/Cover-National-Geographic-web-768x1140.jpg 768w, https:\/\/www.abseitsreisen.de\/blog\/wp-content\/uploads\/2021\/06\/Cover-National-Geographic-web-1035x1536.jpg 1035w, https:\/\/www.abseitsreisen.de\/blog\/wp-content\/uploads\/2021\/06\/Cover-National-Geographic-web-740x1098.jpg 740w, https:\/\/www.abseitsreisen.de\/blog\/wp-content\/uploads\/2021\/06\/Cover-National-Geographic-web-370x549.jpg 370w, https:\/\/www.abseitsreisen.de\/blog\/wp-content\/uploads\/2021\/06\/Cover-National-Geographic-web.jpg 1078w\" sizes=\"auto, (max-width: 202px) 100vw, 202px\" \/><\/div><\/div><div id=\"pgc-214978-0-1\"  class=\"panel-grid-cell\" ><div id=\"panel-214978-0-1-0\" class=\"so-panel widget widget_black-studio-tinymce widget_black_studio_tinymce panel-first-child\" data-index=\"1\" ><div class=\"textwidget\"><p>Im M\u00e4rz 2019 war es soweit. Nach \u00fcber zwei Jahren Arbeit durften wir unser Buch \"6 Jahre Weltumrundung\" zum ersten Mal in den H\u00e4nden halten.\u00a0Jetzt, zwei Jahre und vier Auflagen sp\u00e4ter, erscheint am 1.7.2021 unser Reisebericht auch als Taschenbuch in der National Geographic Reihe von Malik. Wir freuen uns riesig!<\/p>\n<p>Ab sofort habt ihr also die Qual der Wahl: \"6 Jahre Weltumrundung\" im hochwertigen Hardcoverformat f\u00fcr 24,-\u20ac oder die handliche Taschenbuchausgabe f\u00fcr 16,-\u20ac.<\/p>\n<p>Beides ab sofort auch direkt bei uns erh\u00e4ltlich (1,-\u20ac Versand) - auf Wunsch mit pers\u00f6nlicher Widmung.<\/p>\n<p>Als kleines Dankesch\u00f6n, f\u00fcr deine Bestellung direkt bei uns, legen wir jedem Buch eine hochwertige Fotokarte deiner Wahl bei.<\/p>\n<\/div><\/div>\n\n          <div id=\"panel-214978-0-1-1\" class=\"so-panel widget widget_pinnacle_calltoaction_widget pinnacle_calltoaction_widget panel-last-child\" data-index=\"2\" ><h3 style=\"   text-align:center;\"><\/h3><div style=\"text-align:center\"><a href=\"https:\/\/www.abseitsreisen.de\/blog\/blog\/2019\/02\/18\/6-jahre-weltumrundung-das-buch-zur-reise-comming-soon\/\" id=\"kadbtn52\" target=\"_self\" class=\"kad-btn btn-shortcode kad-btn-primary   lg-kad-btn headerfont\" style=\" border: 0 solid; border-color:#000;  color:#ffffff;\" onMouseOver=\"\" onMouseOut=\"\">Zum Bestellformular <\/a><\/div><\/div>\n    <\/div><\/div><\/div>","protected":false},"excerpt":{"rendered":"<p>Im M\u00e4rz 2019 war es soweit. Nach \u00fcber zwei Jahren Arbeit durften wir unser Buch &#8222;6 Jahre Weltumrundung&#8220; zum ersten Mal in den H\u00e4nden halten.\u00a0Jetzt, zwei Jahre und vier Auflagen sp\u00e4ter, erscheint am 1.7.2021 unser Reisebericht auch als Taschenbuch in &hellip; <a href=\"https:\/\/www.abseitsreisen.de\/blog\/2021\/06\/29\/sechs-jahre-weltumrundung-als-taschenbuch-bei-national-geographic-malik\/\">Weiterlesen<\/a><\/p>\n","protected":false},"author":2,"featured_media":214979,"comment_status":"closed","ping_status":"open","sticky":false,"template":"","format":"standard","meta":{"kt_blocks_editor_width":"","_metis_text_type":"","_metis_text_length":749,"_post_count":0,"footnotes":""},"categories":[1],"tags":[138,141,139,140,144,132,142,143,133,137,134,135,136],"class_list":["post-214978","post","type-post","status-publish","format-standard","has-post-thumbnail","hentry","category-reiseberichte","tag-abenteuer","tag-afrika","tag-asien","tag-europa","tag-feuerland","tag-national-geographic","tag-panamericana","tag-suedamerika","tag-taschenbuch","tag-vanlife","tag-weltreise","tag-weltumrundung","tag-wohnmobil"],"aioseo_notices":[],"_links":{"self":[{"href":"https:\/\/www.abseitsreisen.de\/blog\/wp-json\/wp\/v2\/posts\/214978","targetHints":{"allow":["GET"]}}],"collection":[{"href":"https:\/\/www.abseitsreisen.de\/blog\/wp-json\/wp\/v2\/posts"}],"about":[{"href":"https:\/\/www.abseitsreisen.de\/blog\/wp-json\/wp\/v2\/types\/post"}],"author":[{"embeddable":true,"href":"https:\/\/www.abseitsreisen.de\/blog\/wp-json\/wp\/v2\/users\/2"}],"replies":[{"embeddable":true,"href":"https:\/\/www.abseitsreisen.de\/blog\/wp-json\/wp\/v2\/comments?post=214978"}],"version-history":[{"count":34,"href":"https:\/\/www.abseitsreisen.de\/blog\/wp-json\/wp\/v2\/posts\/214978\/revisions"}],"predecessor-version":[{"id":252186,"href":"https:\/\/www.abseitsreisen.de\/blog\/wp-json\/wp\/v2\/posts\/214978\/revisions\/252186"}],"wp:featuredmedia":[{"embeddable":true,"href":"https:\/\/www.abseitsreisen.de\/blog\/wp-json\/wp\/v2\/media\/214979"}],"wp:attachment":[{"href":"https:\/\/www.abseitsreisen.de\/blog\/wp-json\/wp\/v2\/media?parent=214978"}],"wp:term":[{"taxonomy":"category","embeddable":true,"href":"https:\/\/www.abseitsreisen.de\/blog\/wp-json\/wp\/v2\/categories?post=214978"},{"taxonomy":"post_tag","embeddable":true,"href":"https:\/\/www.abseitsreisen.de\/blog\/wp-json\/wp\/v2\/tags?post=214978"}],"curies":[{"name":"wp","href":"https:\/\/api.w.org\/{rel}","templated":true}]}}