{"id":243998,"date":"2021-10-20T18:11:59","date_gmt":"2021-10-20T16:11:59","guid":{"rendered":"http:\/\/www.abseitsreisen.de\/blog\/?p=243998"},"modified":"2021-11-06T00:35:24","modified_gmt":"2021-11-05T23:35:24","slug":"auf-der-blauen-couch","status":"publish","type":"post","link":"https:\/\/www.abseitsreisen.de\/blog\/2021\/10\/20\/auf-der-blauen-couch\/","title":{"rendered":"Auf der blauen Couch"},"content":{"rendered":"<p>Gestern waren Thomas und ich zu Gast bei Bayern 1 und erz\u00e4hlten auf der <a href=\"https:\/\/www.br.de\/mediathek\/podcast\/blaue-couch\/sabine-hoppe-und-thomas-rahn-weltreisende\/1840177\" target=\"_blank\" rel=\"noopener\">Blauen Couch<\/a> von H\u00f6hen und Tiefen unserer Reise um die Welt.<\/p>\n<p>Wer das Interview mit Gabi Fischer und uns h\u00f6ren m\u00f6chte, kann heute zwischen 19:00 &#8211; 20:00 Uhr Bayern1 einschalten. Im Anschluss an die Sendung findet ihr das Gespr\u00e4ch auch als <a href=\"https:\/\/www.br.de\/mediathek\/podcast\/blaue-couch\/sabine-hoppe-und-thomas-rahn-weltreisende\/1840177\" target=\"_blank\" rel=\"noopener\">Podcast<\/a> in der Mediathek.<\/p>\n<p>Viel Spa\u00df dabei!<\/p>\n<p><img loading=\"lazy\" decoding=\"async\" class=\"aligncenter wp-image-243999 size-full\" src=\"https:\/\/www.abseitsreisen.de\/blog\/wp-content\/uploads\/2021\/10\/IMG_4018-scaled.jpg\" alt=\"\" width=\"2560\" height=\"1920\" data-id=\"243999\" srcset=\"https:\/\/www.abseitsreisen.de\/blog\/wp-content\/uploads\/2021\/10\/IMG_4018-scaled.jpg 2560w, https:\/\/www.abseitsreisen.de\/blog\/wp-content\/uploads\/2021\/10\/IMG_4018-300x225.jpg 300w, https:\/\/www.abseitsreisen.de\/blog\/wp-content\/uploads\/2021\/10\/IMG_4018-1024x768.jpg 1024w, https:\/\/www.abseitsreisen.de\/blog\/wp-content\/uploads\/2021\/10\/IMG_4018-768x576.jpg 768w, https:\/\/www.abseitsreisen.de\/blog\/wp-content\/uploads\/2021\/10\/IMG_4018-1536x1152.jpg 1536w, https:\/\/www.abseitsreisen.de\/blog\/wp-content\/uploads\/2021\/10\/IMG_4018-2048x1536.jpg 2048w\" sizes=\"auto, (max-width: 2560px) 100vw, 2560px\" \/><\/p>\n<p>Wer Lust hat, uns mal wieder live zu sehen und zu h\u00f6ren &#8211; wir kommen n\u00e4chstes Wochenende nach Bad Kissingen auf die <a href=\"https:\/\/www.abenteuer-allrad.de\">Abenteuer &amp; Allrad<\/a> Messe und werden dort am Samstag gleich zweimal unseren Vortrag &#8222;<a href=\"https:\/\/www.abenteuer-allrad.de\/Unbekanntes_Zentralamerika\">Wildes Zentralamerika<\/a>&#8220; zeigen.<\/p>\n<p>Solltet ihr keine Karten mehr f\u00fcr den Vortrag bekommen, schaut doch auf dem Stand\u00a0C05 vom Explorer vorbei, dort sind wir am Sonntag um 12:00 Uhr anzutreffen.<\/p>\n<p>Wir freuen uns auf euch!<\/p>\n","protected":false},"excerpt":{"rendered":"<p>Gestern waren Thomas und ich zu Gast bei Bayern 1 und erz\u00e4hlten auf der Blauen Couch von H\u00f6hen und Tiefen unserer Reise um die Welt. Wer das Interview mit Gabi Fischer und uns h\u00f6ren m\u00f6chte, kann heute zwischen 19:00 &#8211; &hellip; <a href=\"https:\/\/www.abseitsreisen.de\/blog\/2021\/10\/20\/auf-der-blauen-couch\/\">Weiterlesen<\/a><\/p>\n","protected":false},"author":2,"featured_media":244002,"comment_status":"closed","ping_status":"open","sticky":false,"template":"","format":"standard","meta":{"kt_blocks_editor_width":"","_metis_text_type":"","_metis_text_length":794,"_post_count":0,"footnotes":""},"categories":[1],"tags":[],"class_list":["post-243998","post","type-post","status-publish","format-standard","has-post-thumbnail","hentry","category-reiseberichte"],"aioseo_notices":[],"_links":{"self":[{"href":"https:\/\/www.abseitsreisen.de\/blog\/wp-json\/wp\/v2\/posts\/243998","targetHints":{"allow":["GET"]}}],"collection":[{"href":"https:\/\/www.abseitsreisen.de\/blog\/wp-json\/wp\/v2\/posts"}],"about":[{"href":"https:\/\/www.abseitsreisen.de\/blog\/wp-json\/wp\/v2\/types\/post"}],"author":[{"embeddable":true,"href":"https:\/\/www.abseitsreisen.de\/blog\/wp-json\/wp\/v2\/users\/2"}],"replies":[{"embeddable":true,"href":"https:\/\/www.abseitsreisen.de\/blog\/wp-json\/wp\/v2\/comments?post=243998"}],"version-history":[{"count":4,"href":"https:\/\/www.abseitsreisen.de\/blog\/wp-json\/wp\/v2\/posts\/243998\/revisions"}],"predecessor-version":[{"id":248844,"href":"https:\/\/www.abseitsreisen.de\/blog\/wp-json\/wp\/v2\/posts\/243998\/revisions\/248844"}],"wp:featuredmedia":[{"embeddable":true,"href":"https:\/\/www.abseitsreisen.de\/blog\/wp-json\/wp\/v2\/media\/244002"}],"wp:attachment":[{"href":"https:\/\/www.abseitsreisen.de\/blog\/wp-json\/wp\/v2\/media?parent=243998"}],"wp:term":[{"taxonomy":"category","embeddable":true,"href":"https:\/\/www.abseitsreisen.de\/blog\/wp-json\/wp\/v2\/categories?post=243998"},{"taxonomy":"post_tag","embeddable":true,"href":"https:\/\/www.abseitsreisen.de\/blog\/wp-json\/wp\/v2\/tags?post=243998"}],"curies":[{"name":"wp","href":"https:\/\/api.w.org\/{rel}","templated":true}]}}