{"id":2638,"date":"2012-10-25T19:31:44","date_gmt":"2012-10-25T17:31:44","guid":{"rendered":"http:\/\/www.abseitsreisen.de\/blog\/?p=2638"},"modified":"2013-01-02T21:34:15","modified_gmt":"2013-01-02T20:34:15","slug":"neue-diashow-im-kommenden-januar","status":"publish","type":"post","link":"https:\/\/www.abseitsreisen.de\/blog\/2012\/10\/25\/neue-diashow-im-kommenden-januar\/","title":{"rendered":"Neue Diashow im kommenden Januar."},"content":{"rendered":"<p style=\"text-align: justify;\">Langsam ist der Kopf voll, nichts geht mehr. Die Eindr\u00fccke des vergangenen Reisejahres sind so intensiv und vielf\u00e4ltig, dass man glaubt, kaum noch Platz f\u00fcr neue Erlebnisse zu haben. Wir haben Zentralamerika entdeckt &#8211; es hat uns mit allen Sinnen eingenommen und in seiner Vielf\u00e4ltigkeit begeistert. Mexiko mit seinen weitl\u00e4ufigen Maya-Pyramiden und farbenfrohen, verwinkelten Altst\u00e4dten, Guatemala mit seiner einzigartigen indigenen Bev\u00f6lkerung, die Tracht und Tradition pflegen, Honduras mit einer atemberaubenden Unterwasserwelt, Nicaragua mit rauchenden Vulkanen, dichtem Dschungel und perfekten Surfstr\u00e4nden. Costa Rica mit seiner landschaftlichen Vielfalt und reichen Tierwelt, Panama mit unvergleichlichen Karibikinseln und dem spektakul\u00e4ren Panama-Kanal bis hin zu Kolumbien mit malerischen Kolonialst\u00e4dten &#8211; und das sind nur wenige der unz\u00e4hligen Eindr\u00fccke.<\/p>\n<p style=\"text-align: justify;\">Jetzt wird es langsam Zeit eine Pause einzulegen, um das Erlebte setzen zu lassen. Der dritte Heimaturlaub unserer Reise steht bevor und wir freuen uns schon jetzt, von den kuriosen, spannenden, faszinierenden oder auch ganz normalen Begebenheiten zu berichten, die uns dieses Jahr widerfahren sind.<\/p>\n<p style=\"text-align: justify;\">Ab Januar werden wir die Erlebnisse des vergangenen Reisejahres in unserer neuen Diashow mit dem Titel &#8218;Unbekanntes Zentralamerika&#8216; vorstellen. Die Premiere ist auf den 19. Januar 2013 im Amberger Musikomm angesetzt.<\/p>\n<p style=\"text-align: justify;\"><a title=\"Unbekanntes Zentralamerika\" href=\"https:\/\/www.abseitsreisen.de\/blog\/reise-vortrage\/unbekanntes-zentralamerika\/\" target=\"_blank\"><img loading=\"lazy\" decoding=\"async\" class=\"aligncenter size-full wp-image-2639\" title=\"Plakat Show 3 Zweiter Entwurf 120920\" src=\"https:\/\/www.abseitsreisen.de\/blog\/wp-content\/uploads\/2012\/10\/Unbekanntes-Zentralamerika.jpg\" alt=\"\" width=\"305\" height=\"382\" srcset=\"https:\/\/www.abseitsreisen.de\/blog\/wp-content\/uploads\/2012\/10\/Unbekanntes-Zentralamerika.jpg 305w, https:\/\/www.abseitsreisen.de\/blog\/wp-content\/uploads\/2012\/10\/Unbekanntes-Zentralamerika-239x300.jpg 239w\" sizes=\"auto, (max-width: 305px) 100vw, 305px\" \/><\/a><\/p>\n<p style=\"text-align: justify;\">Die Organisation der Live-Veranstaltungen ist nur eine der Aufgaben, die uns in Deutschland bevorstehen werden. Daneben gilt es, aus den fast 30.000 Fotoaufnahmen und vielen Live-Audio-Mitschnitten des vergangenen Jahres eine Diashow zu erstellen, die all die unterschiedlichen Eindr\u00fccke aus Zentralamerika vereint. Was f\u00fcr eine Aufgabe!<\/p>\n<p style=\"text-align: justify;\">Wie wird aus so einem Berg an Fotos und Geschichten nun letztlich ein live-kommentierter Reisebericht? Viele Wochen werden wir zuhause in Deutschland vor dem Computer verbringen, um Bilder, Geschichten, Erlebnisse auszuw\u00e4hlen, um diese unglaubliche Menge an Eindr\u00fccken aus acht Monaten und acht bereisten L\u00e4ndern in eine neue, 100-min\u00fctige Show zu verpacken. Wir freuen uns dabei auch auf die <a title=\"Referenzen der Pr\u00e4sentationssoftware von m.objects\" href=\"http:\/\/www.mobjects.com\/index2.php?dv=&amp;loc=de&amp;ref=&amp;sub_id=referenzen&amp;rubrik=Live%20Vortr%E4ge&amp;item=Thomas%20Rahn&amp;type=list\" target=\"_blank\">Zusammenarbeit mit der Firma m.objects<\/a>, mit deren Pr\u00e4sentations-Software wir unsere Ideen in der neuen Diashow ab sofort noch besser und pr\u00e4ziser umsetzen k\u00f6nnen.<\/p>\n<p style=\"text-align: justify;\">Neben der neuen Show \u201eUnbekanntes Zentralamerika\u201c werden wir, aufgrund des gro\u00dfen Interesses in den vergangenen Jahren, Anfang 2013 auch unsere Live-Diashows \u201eBis ans Ende der Welt\u201c und \u201eFernost und Fernwest\u201c \u00fcber die Erlebnisse der ersten beiden Reisejahre an neuen Orten zeigen. Unter anderem d\u00fcrfen wir in Weiden, Dingolfing, Erding, Regensburg, Elbart, Ergolding und Freising zu Gast sein.<\/p>\n<p style=\"text-align: justify;\">Hier finden Sie die <a title=\"Termine und Veranstaltungsorte\" href=\"https:\/\/www.abseitsreisen.de\/blog\/reise-vortrage\/termine\/\">Termine und Orte der Diashows<\/a>, f\u00fcr diejenigen die es sich schon einmal in den Terminkalender eintragen m\u00f6chten. Die Karten zu den Veranstaltungen werden ab Dezember in den Vorverkauf gehen.<\/p>\n<p style=\"text-align: justify;\">Weitere Informationen gibt es unter <a title=\"Live-Diashows\" href=\"https:\/\/www.abseitsreisen.de\/blog\/reise-vortrage\/\">Live-Diashows<\/a>.<\/p>\n","protected":false},"excerpt":{"rendered":"<p>Langsam ist der Kopf voll, nichts geht mehr. Die Eindr\u00fccke des vergangenen Reisejahres sind so intensiv und vielf\u00e4ltig, dass man glaubt, kaum noch Platz f\u00fcr neue Erlebnisse zu haben. Wir haben Zentralamerika entdeckt &#8211; es hat uns mit allen Sinnen &hellip; <a href=\"https:\/\/www.abseitsreisen.de\/blog\/2012\/10\/25\/neue-diashow-im-kommenden-januar\/\">Weiterlesen<\/a><\/p>\n","protected":false},"author":3,"featured_media":2640,"comment_status":"closed","ping_status":"closed","sticky":false,"template":"","format":"standard","meta":{"kt_blocks_editor_width":"","_metis_text_type":"","_metis_text_length":2956,"_post_count":0,"footnotes":""},"categories":[16],"tags":[],"class_list":["post-2638","post","type-post","status-publish","format-standard","has-post-thumbnail","hentry","category-veranstaltungen"],"aioseo_notices":[],"_links":{"self":[{"href":"https:\/\/www.abseitsreisen.de\/blog\/wp-json\/wp\/v2\/posts\/2638","targetHints":{"allow":["GET"]}}],"collection":[{"href":"https:\/\/www.abseitsreisen.de\/blog\/wp-json\/wp\/v2\/posts"}],"about":[{"href":"https:\/\/www.abseitsreisen.de\/blog\/wp-json\/wp\/v2\/types\/post"}],"author":[{"embeddable":true,"href":"https:\/\/www.abseitsreisen.de\/blog\/wp-json\/wp\/v2\/users\/3"}],"replies":[{"embeddable":true,"href":"https:\/\/www.abseitsreisen.de\/blog\/wp-json\/wp\/v2\/comments?post=2638"}],"version-history":[{"count":12,"href":"https:\/\/www.abseitsreisen.de\/blog\/wp-json\/wp\/v2\/posts\/2638\/revisions"}],"predecessor-version":[{"id":2957,"href":"https:\/\/www.abseitsreisen.de\/blog\/wp-json\/wp\/v2\/posts\/2638\/revisions\/2957"}],"wp:featuredmedia":[{"embeddable":true,"href":"https:\/\/www.abseitsreisen.de\/blog\/wp-json\/wp\/v2\/media\/2640"}],"wp:attachment":[{"href":"https:\/\/www.abseitsreisen.de\/blog\/wp-json\/wp\/v2\/media?parent=2638"}],"wp:term":[{"taxonomy":"category","embeddable":true,"href":"https:\/\/www.abseitsreisen.de\/blog\/wp-json\/wp\/v2\/categories?post=2638"},{"taxonomy":"post_tag","embeddable":true,"href":"https:\/\/www.abseitsreisen.de\/blog\/wp-json\/wp\/v2\/tags?post=2638"}],"curies":[{"name":"wp","href":"https:\/\/api.w.org\/{rel}","templated":true}]}}