{"id":266896,"date":"2022-01-31T20:33:42","date_gmt":"2022-01-31T19:33:42","guid":{"rendered":"https:\/\/www.abseitsreisen.de\/blog\/?p=266896"},"modified":"2022-02-07T00:03:14","modified_gmt":"2022-02-06T23:03:14","slug":"reisefotografie-interview-zu-gast-bei-gereon-roemer","status":"publish","type":"post","link":"https:\/\/www.abseitsreisen.de\/blog\/2022\/01\/31\/reisefotografie-interview-zu-gast-bei-gereon-roemer\/","title":{"rendered":"Reisefotografie Interview &#8211; Zu Gast bei Gereon Roemer"},"content":{"rendered":"<p>Im Zusammenhang mit dem Live-Auftritt in der Kulturfabrik Krefeld bei <a title=\"grenzgang - mit dem Kopf unterwegs\" href=\"https:\/\/www.grenzgang.de\/\" target=\"_blank\" rel=\"noopener\">grenzgang <\/a>entstand ein interessantes Interview mit Gereon Roemer. Er ist selbst Fotojournalist und wir sprechen \u00fcber die Fotografie auf Reisen, unter welchen Umst\u00e4nden Bilder entstehen.Thomas erz\u00e4hlt \u00fcber einige Bilder, die auf der Weltumrundung im Oldtimer-Lkw entstanden. Aufnahmen, die f\u00fcr uns vor allem durch ihre Entstehungsgeschichte von besonderer Bedeutung sind.<\/p>\n<p>Wer also schon immer mal einen Blick hinter die Kulissen der Reisefotografie werfen m\u00f6chte, kann hier bei YouTube hineinklicken. Wenn es euch gef\u00e4llt, hinterlasst auch sehr gerne einen Kommentar auf YouTube \u2013 das hilft, dass das Video besser platziert\u00a0 wird und so mehr Menschen das kurze Interview auf der Videoplattform entdecken k\u00f6nnen. Hier geht&#8217;s zum Video -&gt;<a title=\"Der KUFA Fototalk mit Thomas Rahn\" href=\"https:\/\/www.youtube.com\/watch?v=gZe4ZsYUTnY\" target=\"_blank\" rel=\"noopener\"> KUFA-Fototalk<\/a><\/p>\n<p><a title=\"Reisefotografie Talk mit Thomas Rahn\" href=\"https:\/\/www.youtube.com\/watch?v=gZe4ZsYUTnY\" target=\"_blank\" rel=\"noopener\"><img loading=\"lazy\" decoding=\"async\" class=\"aligncenter wp-image-266961 size-full\" src=\"https:\/\/www.abseitsreisen.de\/blog\/wp-content\/uploads\/2022\/01\/Fototalk-Thomas-Rahn-1.jpg\" alt=\"Foto Talk Thomas Rahn - Reisefotografie\" width=\"1600\" height=\"814\" data-id=\"266961\" srcset=\"https:\/\/www.abseitsreisen.de\/blog\/wp-content\/uploads\/2022\/01\/Fototalk-Thomas-Rahn-1.jpg 1600w, https:\/\/www.abseitsreisen.de\/blog\/wp-content\/uploads\/2022\/01\/Fototalk-Thomas-Rahn-1-300x153.jpg 300w, https:\/\/www.abseitsreisen.de\/blog\/wp-content\/uploads\/2022\/01\/Fototalk-Thomas-Rahn-1-1024x521.jpg 1024w, https:\/\/www.abseitsreisen.de\/blog\/wp-content\/uploads\/2022\/01\/Fototalk-Thomas-Rahn-1-768x391.jpg 768w, https:\/\/www.abseitsreisen.de\/blog\/wp-content\/uploads\/2022\/01\/Fototalk-Thomas-Rahn-1-1536x781.jpg 1536w\" sizes=\"auto, (max-width: 1600px) 100vw, 1600px\" \/><\/a><\/p>\n","protected":false},"excerpt":{"rendered":"<p>Im Zusammenhang mit dem Live-Auftritt in der Kulturfabrik Krefeld bei grenzgang entstand ein interessantes Interview mit Gereon Roemer. Er ist selbst Fotojournalist und wir sprechen \u00fcber die Fotografie auf Reisen, unter welchen Umst\u00e4nden Bilder entstehen.Thomas erz\u00e4hlt \u00fcber einige Bilder, die &hellip; <a href=\"https:\/\/www.abseitsreisen.de\/blog\/2022\/01\/31\/reisefotografie-interview-zu-gast-bei-gereon-roemer\/\">Weiterlesen<\/a><\/p>\n","protected":false},"author":3,"featured_media":266962,"comment_status":"closed","ping_status":"open","sticky":false,"template":"","format":"standard","meta":{"kt_blocks_editor_width":"","_metis_text_type":"","_metis_text_length":828,"_post_count":0,"footnotes":""},"categories":[16],"tags":[],"class_list":["post-266896","post","type-post","status-publish","format-standard","has-post-thumbnail","hentry","category-veranstaltungen"],"aioseo_notices":[],"_links":{"self":[{"href":"https:\/\/www.abseitsreisen.de\/blog\/wp-json\/wp\/v2\/posts\/266896","targetHints":{"allow":["GET"]}}],"collection":[{"href":"https:\/\/www.abseitsreisen.de\/blog\/wp-json\/wp\/v2\/posts"}],"about":[{"href":"https:\/\/www.abseitsreisen.de\/blog\/wp-json\/wp\/v2\/types\/post"}],"author":[{"embeddable":true,"href":"https:\/\/www.abseitsreisen.de\/blog\/wp-json\/wp\/v2\/users\/3"}],"replies":[{"embeddable":true,"href":"https:\/\/www.abseitsreisen.de\/blog\/wp-json\/wp\/v2\/comments?post=266896"}],"version-history":[{"count":4,"href":"https:\/\/www.abseitsreisen.de\/blog\/wp-json\/wp\/v2\/posts\/266896\/revisions"}],"predecessor-version":[{"id":268531,"href":"https:\/\/www.abseitsreisen.de\/blog\/wp-json\/wp\/v2\/posts\/266896\/revisions\/268531"}],"wp:featuredmedia":[{"embeddable":true,"href":"https:\/\/www.abseitsreisen.de\/blog\/wp-json\/wp\/v2\/media\/266962"}],"wp:attachment":[{"href":"https:\/\/www.abseitsreisen.de\/blog\/wp-json\/wp\/v2\/media?parent=266896"}],"wp:term":[{"taxonomy":"category","embeddable":true,"href":"https:\/\/www.abseitsreisen.de\/blog\/wp-json\/wp\/v2\/categories?post=266896"},{"taxonomy":"post_tag","embeddable":true,"href":"https:\/\/www.abseitsreisen.de\/blog\/wp-json\/wp\/v2\/tags?post=266896"}],"curies":[{"name":"wp","href":"https:\/\/api.w.org\/{rel}","templated":true}]}}