{"id":268457,"date":"2022-02-06T23:38:30","date_gmt":"2022-02-06T22:38:30","guid":{"rendered":"https:\/\/www.abseitsreisen.de\/blog\/?p=268457"},"modified":"2022-02-07T00:05:58","modified_gmt":"2022-02-06T23:05:58","slug":"explorer-ostseecamp-2022-wir-sind-dabei","status":"publish","type":"post","link":"https:\/\/www.abseitsreisen.de\/blog\/2022\/02\/06\/explorer-ostseecamp-2022-wir-sind-dabei\/","title":{"rendered":"explorer Ostseecamp 2022 &#8211; Wir sind dabei"},"content":{"rendered":"<p>Auf Fehmarn wird heuer von <strong>22. bis 24. Juli 2022<\/strong> wieder das explorer Ostseecamp stattfinden. Ein sehr inhaltsreiches Seminarwochenende f\u00fcr Reisewillige, die vorhaben, mit dem eigenen Fahrzeug loszuziehen und sich gerade mit dem Bau eines Reisemobils besch\u00e4ftigen. Neben vielen technischen Informationen und Tipps zum Expeditionsmobil-Selbstbau wird heuer die Reisepraxis einen weiteren Kernpunkt der Veranstaltung bilden.<\/p>\n<p>Die rund 100 verf\u00fcgbaren Teilnehmerpl\u00e4tze f\u00fcr das Camp waren in den vergangenen Jahren immer rasend schnell vergriffen. Kein Wunder &#8211; wo sonst findet man in solch lockerer Atmosph\u00e4re diese Dichte an Wissen rund ums Reisen und zum individuellen Ausbau des eigenen Fahrzeugs?<\/p>\n<p>Wir werden als Referenten und Gespr\u00e4chspartner vor Ort sein und aus dem Erfahrungsschatz der sechsj\u00e4hrigen Weltumrundung und mittlerweile 15 Jahren auf Reisen im eigenen Fahrzeug berichten. Wenn ihr Lust habt &#8211; wir sehen uns dort.<\/p>\n<p>-&gt; <a title=\"explorer Ostsee Camp\" href=\"https:\/\/explorer-magazin.com\/kalender\/explorer-ostsee-camp-2022\/\" target=\"_blank\" rel=\"noopener\">Ostseecamp Informationen<\/a><\/p>\n<p>-&gt; <a title=\"Ostseecamp Anmeldung\" href=\"https:\/\/explorer-magazin.com\/produkt\/explorer-ostseecamp\/\" target=\"_blank\" rel=\"noopener\">Ostseecamp Anmeldung<\/a><\/p>\n<p>&nbsp;<\/p>\n<p><img loading=\"lazy\" decoding=\"async\" class=\"aligncenter size-full wp-image-268458\" src=\"https:\/\/www.abseitsreisen.de\/blog\/wp-content\/uploads\/2022\/02\/explorer-Ostsee-Camp-1.jpg\" alt=\"\" width=\"2560\" height=\"1440\" data-id=\"268458\" srcset=\"https:\/\/www.abseitsreisen.de\/blog\/wp-content\/uploads\/2022\/02\/explorer-Ostsee-Camp-1.jpg 2560w, https:\/\/www.abseitsreisen.de\/blog\/wp-content\/uploads\/2022\/02\/explorer-Ostsee-Camp-1-300x169.jpg 300w, https:\/\/www.abseitsreisen.de\/blog\/wp-content\/uploads\/2022\/02\/explorer-Ostsee-Camp-1-1024x576.jpg 1024w, https:\/\/www.abseitsreisen.de\/blog\/wp-content\/uploads\/2022\/02\/explorer-Ostsee-Camp-1-768x432.jpg 768w, https:\/\/www.abseitsreisen.de\/blog\/wp-content\/uploads\/2022\/02\/explorer-Ostsee-Camp-1-1536x864.jpg 1536w, https:\/\/www.abseitsreisen.de\/blog\/wp-content\/uploads\/2022\/02\/explorer-Ostsee-Camp-1-2048x1152.jpg 2048w\" sizes=\"auto, (max-width: 2560px) 100vw, 2560px\" \/><\/p>\n","protected":false},"excerpt":{"rendered":"<p>Auf Fehmarn wird heuer von 22. bis 24. Juli 2022 wieder das explorer Ostseecamp stattfinden. Ein sehr inhaltsreiches Seminarwochenende f\u00fcr Reisewillige, die vorhaben, mit dem eigenen Fahrzeug loszuziehen und sich gerade mit dem Bau eines Reisemobils besch\u00e4ftigen. Neben vielen technischen &hellip; <a href=\"https:\/\/www.abseitsreisen.de\/blog\/2022\/02\/06\/explorer-ostseecamp-2022-wir-sind-dabei\/\">Weiterlesen<\/a><\/p>\n","protected":false},"author":3,"featured_media":268459,"comment_status":"closed","ping_status":"open","sticky":false,"template":"","format":"standard","meta":{"kt_blocks_editor_width":"","_metis_text_type":"","_metis_text_length":1003,"_post_count":0,"footnotes":""},"categories":[25,16],"tags":[],"class_list":["post-268457","post","type-post","status-publish","format-standard","has-post-thumbnail","hentry","category-sonstiges","category-veranstaltungen"],"aioseo_notices":[],"_links":{"self":[{"href":"https:\/\/www.abseitsreisen.de\/blog\/wp-json\/wp\/v2\/posts\/268457","targetHints":{"allow":["GET"]}}],"collection":[{"href":"https:\/\/www.abseitsreisen.de\/blog\/wp-json\/wp\/v2\/posts"}],"about":[{"href":"https:\/\/www.abseitsreisen.de\/blog\/wp-json\/wp\/v2\/types\/post"}],"author":[{"embeddable":true,"href":"https:\/\/www.abseitsreisen.de\/blog\/wp-json\/wp\/v2\/users\/3"}],"replies":[{"embeddable":true,"href":"https:\/\/www.abseitsreisen.de\/blog\/wp-json\/wp\/v2\/comments?post=268457"}],"version-history":[{"count":7,"href":"https:\/\/www.abseitsreisen.de\/blog\/wp-json\/wp\/v2\/posts\/268457\/revisions"}],"predecessor-version":[{"id":268532,"href":"https:\/\/www.abseitsreisen.de\/blog\/wp-json\/wp\/v2\/posts\/268457\/revisions\/268532"}],"wp:featuredmedia":[{"embeddable":true,"href":"https:\/\/www.abseitsreisen.de\/blog\/wp-json\/wp\/v2\/media\/268459"}],"wp:attachment":[{"href":"https:\/\/www.abseitsreisen.de\/blog\/wp-json\/wp\/v2\/media?parent=268457"}],"wp:term":[{"taxonomy":"category","embeddable":true,"href":"https:\/\/www.abseitsreisen.de\/blog\/wp-json\/wp\/v2\/categories?post=268457"},{"taxonomy":"post_tag","embeddable":true,"href":"https:\/\/www.abseitsreisen.de\/blog\/wp-json\/wp\/v2\/tags?post=268457"}],"curies":[{"name":"wp","href":"https:\/\/api.w.org\/{rel}","templated":true}]}}