{"id":2814,"date":"2012-12-27T19:04:53","date_gmt":"2012-12-27T18:04:53","guid":{"rendered":"http:\/\/www.abseitsreisen.de\/blog\/?p=2814"},"modified":"2013-01-02T23:17:54","modified_gmt":"2013-01-02T22:17:54","slug":"deutschland-kunstprojekt-ferne-welten","status":"publish","type":"post","link":"https:\/\/www.abseitsreisen.de\/blog\/2012\/12\/27\/deutschland-kunstprojekt-ferne-welten\/","title":{"rendered":"Deutschland. Kunstprojekt &#8218;Ferne Welten&#8216;."},"content":{"rendered":"<p style=\"text-align: justify;\">Ehe man sich versieht, landet der Flieger in N\u00fcrnberg und wir sind zur\u00fcck. Zur\u00fcck in der Welt, aus der wir kommen. Eine Welt, in der die Zeit einfach so an einem vorbeifliegt und man versucht mit ihr Schritt zu halten. Auch wir hecheln ihr schon wieder hinterher, denn wir haben viel vor in den kommenden Monaten.<\/p>\n<p style=\"text-align: justify;\">Erster und wichtigster Programmpunkt: meine Diplompr\u00fcfung im Fachbereich Freie Malerei an der Akademie der Bildenden K\u00fcnste Stuttgart. Bereits vor Reisebeginn, also seit mehr als drei Jahren arbeite ich an meiner Diplomarbeit &#8218;Ferne Welten&#8216; und jetzt steht sie vor ihrem Abschluss.<\/p>\n<p style=\"text-align: justify;\"><a href=\"https:\/\/www.abseitsreisen.de\/blog\/wp-content\/uploads\/2012\/12\/Diplom-Stuttgart-2012-31.jpg\"><img loading=\"lazy\" decoding=\"async\" class=\"alignnone size-full wp-image-2827\" title=\"Diplom-Stuttgart-2012-3\" src=\"https:\/\/www.abseitsreisen.de\/blog\/wp-content\/uploads\/2012\/12\/Diplom-Stuttgart-2012-31.jpg\" alt=\"\" width=\"725\" height=\"483\" srcset=\"https:\/\/www.abseitsreisen.de\/blog\/wp-content\/uploads\/2012\/12\/Diplom-Stuttgart-2012-31.jpg 725w, https:\/\/www.abseitsreisen.de\/blog\/wp-content\/uploads\/2012\/12\/Diplom-Stuttgart-2012-31-300x199.jpg 300w\" sizes=\"auto, (max-width: 725px) 100vw, 725px\" \/><\/a><\/p>\n<p style=\"text-align: justify;\"><a href=\"https:\/\/www.abseitsreisen.de\/blog\/wp-content\/uploads\/2012\/12\/Diplom-Stuttgart-2012-11.jpg\"><img loading=\"lazy\" decoding=\"async\" class=\"alignnone size-full wp-image-2826\" title=\"Diplom-Stuttgart-2012-1\" src=\"https:\/\/www.abseitsreisen.de\/blog\/wp-content\/uploads\/2012\/12\/Diplom-Stuttgart-2012-11.jpg\" alt=\"\" width=\"725\" height=\"483\" srcset=\"https:\/\/www.abseitsreisen.de\/blog\/wp-content\/uploads\/2012\/12\/Diplom-Stuttgart-2012-11.jpg 725w, https:\/\/www.abseitsreisen.de\/blog\/wp-content\/uploads\/2012\/12\/Diplom-Stuttgart-2012-11-300x199.jpg 300w\" sizes=\"auto, (max-width: 725px) 100vw, 725px\" \/><\/a><\/p>\n<p style=\"text-align: justify;\"><a href=\"https:\/\/www.abseitsreisen.de\/blog\/wp-content\/uploads\/2012\/12\/Diplom-Stuttgart-2012-21.jpg\"><img loading=\"lazy\" decoding=\"async\" class=\"alignnone size-full wp-image-2829\" title=\"Diplom-Stuttgart-2012-2\" src=\"https:\/\/www.abseitsreisen.de\/blog\/wp-content\/uploads\/2012\/12\/Diplom-Stuttgart-2012-21.jpg\" alt=\"\" width=\"725\" height=\"483\" srcset=\"https:\/\/www.abseitsreisen.de\/blog\/wp-content\/uploads\/2012\/12\/Diplom-Stuttgart-2012-21.jpg 725w, https:\/\/www.abseitsreisen.de\/blog\/wp-content\/uploads\/2012\/12\/Diplom-Stuttgart-2012-21-300x199.jpg 300w\" sizes=\"auto, (max-width: 725px) 100vw, 725px\" \/><\/a><\/p>\n<p style=\"text-align: justify;\"><span style=\"text-align: justify;\">In regelm\u00e4\u00dfigen Abst\u00e4nden hatte ich unterwegs Einheimische getroffen, sie nach ihren Bildw\u00fcnschen befragt und diese malerisch umgesetzt. Die entstandenen Arbeiten hatte ich im Anschluss im Wohnumfeld des jeweiligen Projektpartners fotografisch festgehalten, die Malereien selbst verblieben bei den Teilnehmern. So entstanden nicht nur sechzehn spannende Fotografien in zehn L\u00e4ndern auf vier Kontinenten sondern auch einige intensive Kontakte. Gern denken wir zur\u00fcck an die Zeit in der T\u00fcrkei, wo wir von Erkan und seiner Frau zum Essen eingeladen wurden, an Afsane aus dem Iran, mit deren Familie wir Noruz, das dortige Neujahrsfest feiern durften, an Irina in Usbekistan, die uns in flie\u00dfendem Deutsch ihre Heimatstadt Taschkent zeigte, an Munkhal, der uns sein Leben in einer mongolischen Jurte n\u00e4her brachte, an Jessa in den USA, die uns eine Woche in ihrer Wohnung aufnahm, an Jaime, der uns wichtige Aspekte der Maya-Kultur erkl\u00e4rte und an Carolina, bei der wir unser Fahrzeug unterstellen d\u00fcrfen, bis wir wieder nach Kolumbien zur\u00fcckkehren werden. Das sind nur einige der Begegnungen, die durch dieses Kunstprojekt entstanden, jede f\u00fcr sich genommen einzig und wertvoll, selbst wenn man sich nur ein einziges Mal begegnet war. Auch aus k\u00fcnstlerischer Sicht forderte und bereicherte mich diese Arbeit und so wird mein Abschluss zum Diplom nicht das Ende dieses Projekts bedeuten. Ich bin schon jetzt gespannt, wie es sich im n\u00e4chsten Jahr weiter entwickeln wird. <\/span><\/p>\n<p>Wer sich f\u00fcr das Kunstprojekt &#8218;Ferne Welten&#8216; interessiert kann eine Auswahl der entstandenen Arbeiten noch bis zum 06.01.2013 in der Jahresausstellung der &#8218;Amberger K\u00fcnstler&#8216; in der Feuerwache in Amberg sehen.<\/p>\n","protected":false},"excerpt":{"rendered":"<p>Ehe man sich versieht, landet der Flieger in N\u00fcrnberg und wir sind zur\u00fcck. Zur\u00fcck in der Welt, aus der wir kommen. Eine Welt, in der die Zeit einfach so an einem vorbeifliegt und man versucht mit ihr Schritt zu halten. &hellip; <a href=\"https:\/\/www.abseitsreisen.de\/blog\/2012\/12\/27\/deutschland-kunstprojekt-ferne-welten\/\">Weiterlesen<\/a><\/p>\n","protected":false},"author":2,"featured_media":2846,"comment_status":"closed","ping_status":"closed","sticky":false,"template":"","format":"standard","meta":{"kt_blocks_editor_width":"","_metis_text_type":"","_metis_text_length":2309,"_post_count":0,"footnotes":""},"categories":[17],"tags":[],"class_list":["post-2814","post","type-post","status-publish","format-standard","has-post-thumbnail","hentry","category-reisepause"],"aioseo_notices":[],"_links":{"self":[{"href":"https:\/\/www.abseitsreisen.de\/blog\/wp-json\/wp\/v2\/posts\/2814","targetHints":{"allow":["GET"]}}],"collection":[{"href":"https:\/\/www.abseitsreisen.de\/blog\/wp-json\/wp\/v2\/posts"}],"about":[{"href":"https:\/\/www.abseitsreisen.de\/blog\/wp-json\/wp\/v2\/types\/post"}],"author":[{"embeddable":true,"href":"https:\/\/www.abseitsreisen.de\/blog\/wp-json\/wp\/v2\/users\/2"}],"replies":[{"embeddable":true,"href":"https:\/\/www.abseitsreisen.de\/blog\/wp-json\/wp\/v2\/comments?post=2814"}],"version-history":[{"count":31,"href":"https:\/\/www.abseitsreisen.de\/blog\/wp-json\/wp\/v2\/posts\/2814\/revisions"}],"predecessor-version":[{"id":333934,"href":"https:\/\/www.abseitsreisen.de\/blog\/wp-json\/wp\/v2\/posts\/2814\/revisions\/333934"}],"wp:featuredmedia":[{"embeddable":true,"href":"https:\/\/www.abseitsreisen.de\/blog\/wp-json\/wp\/v2\/media\/2846"}],"wp:attachment":[{"href":"https:\/\/www.abseitsreisen.de\/blog\/wp-json\/wp\/v2\/media?parent=2814"}],"wp:term":[{"taxonomy":"category","embeddable":true,"href":"https:\/\/www.abseitsreisen.de\/blog\/wp-json\/wp\/v2\/categories?post=2814"},{"taxonomy":"post_tag","embeddable":true,"href":"https:\/\/www.abseitsreisen.de\/blog\/wp-json\/wp\/v2\/tags?post=2814"}],"curies":[{"name":"wp","href":"https:\/\/api.w.org\/{rel}","templated":true}]}}