{"id":3134,"date":"2013-02-01T22:22:01","date_gmt":"2013-02-01T21:22:01","guid":{"rendered":"http:\/\/www.abseitsreisen.de\/blog\/?p=3134"},"modified":"2013-03-11T13:10:01","modified_gmt":"2013-03-11T12:10:01","slug":"deutschland-nach-der-show-ist-vor-der-show","status":"publish","type":"post","link":"https:\/\/www.abseitsreisen.de\/blog\/2013\/02\/01\/deutschland-nach-der-show-ist-vor-der-show\/","title":{"rendered":"Deutschland. Nach der Show ist vor der Show."},"content":{"rendered":"<p style=\"text-align: justify;\">Vier Monate haben wir an unserer neuen Diashow &#8218;Unbekanntes Zentralamerika&#8216; gearbeitet, Plakate geklebt, Flyer verteilt, R\u00e4ume organisiert und dann ging alles Schlag auf Schlag. Premiere in Amberg, zwei Tage sp\u00e4ter waren wir schon in Regensburg, dann in Elbart und vergangenen Sonntag in Freising.<\/p>\n<p style=\"text-align: justify;\"><a href=\"https:\/\/www.abseitsreisen.de\/blog\/wp-content\/uploads\/2013\/02\/Premiere_Diashow31.jpg\"><img loading=\"lazy\" decoding=\"async\" class=\"alignnone size-full wp-image-3144\" title=\"Premiere_Diashow3\" src=\"https:\/\/www.abseitsreisen.de\/blog\/wp-content\/uploads\/2013\/02\/Premiere_Diashow31.jpg\" alt=\"\" width=\"725\" height=\"483\" srcset=\"https:\/\/www.abseitsreisen.de\/blog\/wp-content\/uploads\/2013\/02\/Premiere_Diashow31.jpg 725w, https:\/\/www.abseitsreisen.de\/blog\/wp-content\/uploads\/2013\/02\/Premiere_Diashow31-300x199.jpg 300w\" sizes=\"auto, (max-width: 725px) 100vw, 725px\" \/><\/a><\/p>\n<p style=\"text-align: justify;\"><a href=\"https:\/\/www.abseitsreisen.de\/blog\/wp-content\/uploads\/2013\/02\/Diashow3_Regensburg_01_20131.jpg\"><img loading=\"lazy\" decoding=\"async\" class=\"alignnone size-full wp-image-3145\" title=\"Diashow3_Regensburg_01_2013\" src=\"https:\/\/www.abseitsreisen.de\/blog\/wp-content\/uploads\/2013\/02\/Diashow3_Regensburg_01_20131.jpg\" alt=\"\" width=\"725\" height=\"483\" srcset=\"https:\/\/www.abseitsreisen.de\/blog\/wp-content\/uploads\/2013\/02\/Diashow3_Regensburg_01_20131.jpg 725w, https:\/\/www.abseitsreisen.de\/blog\/wp-content\/uploads\/2013\/02\/Diashow3_Regensburg_01_20131-300x199.jpg 300w\" sizes=\"auto, (max-width: 725px) 100vw, 725px\" \/><\/a><\/p>\n<p style=\"text-align: justify;\"><a href=\"https:\/\/www.abseitsreisen.de\/blog\/wp-content\/uploads\/2013\/02\/Diashow3_Elbart_01_20131.jpg\"><img loading=\"lazy\" decoding=\"async\" class=\"alignnone size-full wp-image-3146\" title=\"Diashow3_Elbart_01_2013\" src=\"https:\/\/www.abseitsreisen.de\/blog\/wp-content\/uploads\/2013\/02\/Diashow3_Elbart_01_20131.jpg\" alt=\"\" width=\"725\" height=\"482\" srcset=\"https:\/\/www.abseitsreisen.de\/blog\/wp-content\/uploads\/2013\/02\/Diashow3_Elbart_01_20131.jpg 725w, https:\/\/www.abseitsreisen.de\/blog\/wp-content\/uploads\/2013\/02\/Diashow3_Elbart_01_20131-300x199.jpg 300w, https:\/\/www.abseitsreisen.de\/blog\/wp-content\/uploads\/2013\/02\/Diashow3_Elbart_01_20131-370x246.jpg 370w\" sizes=\"auto, (max-width: 725px) 100vw, 725px\" \/><\/a><\/p>\n<p style=\"text-align: justify;\">Es macht uns Spa\u00df, die vielen unterschiedlichen Erlebnisse zu teilen und gleichzeitig in der Zusammenstellung der Diashow die unz\u00e4hligen Eindr\u00fccke der vergangenen Monate gedanklich zu ordnen, setzen zu lassen und zu reflektieren. Wir freuen uns, wenn wir unser Publikum mit auf die Reise nehmen k\u00f6nnen und unsere Begeisterung f\u00fcr ferne L\u00e4nder und Kulturen weitergeben k\u00f6nnen. Ob das gelingt, kann man im Vorfeld nie wissen und so bleibt die Spannung auch nach der Premiere jedes Mal aufs Neue.<\/p>\n<p style=\"text-align: justify;\"><a href=\"https:\/\/www.abseitsreisen.de\/blog\/wp-content\/uploads\/2013\/02\/Diashow3_Freising-01_20132.jpg\"><img loading=\"lazy\" decoding=\"async\" class=\"alignnone size-full wp-image-3147\" title=\"Diashow3_Freising 01_2013\" src=\"https:\/\/www.abseitsreisen.de\/blog\/wp-content\/uploads\/2013\/02\/Diashow3_Freising-01_20132.jpg\" alt=\"\" width=\"725\" height=\"482\" srcset=\"https:\/\/www.abseitsreisen.de\/blog\/wp-content\/uploads\/2013\/02\/Diashow3_Freising-01_20132.jpg 725w, https:\/\/www.abseitsreisen.de\/blog\/wp-content\/uploads\/2013\/02\/Diashow3_Freising-01_20132-300x199.jpg 300w\" sizes=\"auto, (max-width: 725px) 100vw, 725px\" \/><\/a><\/p>\n<p style=\"text-align: justify;\">Dennoch ist eine Premiere immer etwas Besonderes. Man sp\u00fcrt die Mischung aus Vorfreude und Anspannung und eine positive, ausgelassenen Entspannung, wenn alles vor\u00fcber ist. Wir wollten dieses Jahr die Premiere auch nutzen, um unserem \u00e4thiopischen Freund Salomon, mit dem wir seit unserer Reise 2009 in Kontakt stehen, eine medizinische Behandlung zu erm\u00f6glichen, die er aufgrund einer akuten Erkrankung dringend ben\u00f6tigt.<\/p>\n<p style=\"text-align: justify;\">Unterwegs sehen wir immer wieder Elend und Armut und k\u00f6nnen nichts dagegen tun, als uns unser Gl\u00fcck bewusst zu machen, unter ganz anderen Umst\u00e4nden auf die Welt gekommen zu sein und unbeschwert leben zu d\u00fcrfen. In diesem besonderen Fall jedoch, ist es uns m\u00f6glich ganz direkt zu helfen und so entschieden wir, den Erl\u00f6s des Getr\u00e4nkeverkaufs unserem Freund zu spenden.<\/p>\n<p style=\"text-align: justify;\">Dank eines zahlreichen, sehr durstigen Publikums konnten wir den erforderlichen Betrag Salomon zukommen lassen, der mit Hilfe dieser Spende eine Behandlung in der \u00e4thiopischen Hauptstadt Addis Abeba beginnen konnte. Bereits am Tag nach der Veranstaltung hat er das Geld in seiner Heimatstadt Harrar entgegengenommen und sich in Begleitung einer Freundin auf den Weg in die Hauptstadt begeben. Unserem Publikum m\u00f6chten wir ganz herzlich f\u00fcr die Unterst\u00fctzung danken. <em>Amaseginalew<\/em>.<\/p>\n<p style=\"text-align: justify;\">F\u00fcr uns geht es schon wieder weiter, morgen sind wir mit unserer Diashow &#8218;Fernost und Fernwest&#8216; im Musikomm Amberg, am 09.02. mit &#8218;Bis ans Ende der Welt&#8216; in Weiden und &#8218;Unbekanntes Zentralamerika&#8216; werden wir ein letztes Mal am 16.02.2013 in Amberg zeigen. Wer Lust hat, kann uns dieses Jahr erstmals auch am 10.02. in Erding und am 14.02. in Dingolfing besuchen. Vorverkaufsstellen und weitere Informationen finden Sie unter &#8218;<a href=\"https:\/\/www.abseitsreisen.de\/blog\/reise-vortrage\/termine\/\">Termine<\/a>&#8218;. Wir freuen uns auf Sie.<\/p>\n","protected":false},"excerpt":{"rendered":"<p>Vier Monate haben wir an unserer neuen Diashow &#8218;Unbekanntes Zentralamerika&#8216; gearbeitet, Plakate geklebt, Flyer verteilt, R\u00e4ume organisiert und dann ging alles Schlag auf Schlag. Premiere in Amberg, zwei Tage sp\u00e4ter waren wir schon in Regensburg, dann in Elbart und vergangenen &hellip; <a href=\"https:\/\/www.abseitsreisen.de\/blog\/2013\/02\/01\/deutschland-nach-der-show-ist-vor-der-show\/\">Weiterlesen<\/a><\/p>\n","protected":false},"author":2,"featured_media":3146,"comment_status":"closed","ping_status":"closed","sticky":false,"template":"","format":"standard","meta":{"kt_blocks_editor_width":"","_metis_text_type":"","_metis_text_length":2580,"_post_count":0,"footnotes":""},"categories":[16],"tags":[],"class_list":["post-3134","post","type-post","status-publish","format-standard","has-post-thumbnail","hentry","category-veranstaltungen"],"aioseo_notices":[],"_links":{"self":[{"href":"https:\/\/www.abseitsreisen.de\/blog\/wp-json\/wp\/v2\/posts\/3134","targetHints":{"allow":["GET"]}}],"collection":[{"href":"https:\/\/www.abseitsreisen.de\/blog\/wp-json\/wp\/v2\/posts"}],"about":[{"href":"https:\/\/www.abseitsreisen.de\/blog\/wp-json\/wp\/v2\/types\/post"}],"author":[{"embeddable":true,"href":"https:\/\/www.abseitsreisen.de\/blog\/wp-json\/wp\/v2\/users\/2"}],"replies":[{"embeddable":true,"href":"https:\/\/www.abseitsreisen.de\/blog\/wp-json\/wp\/v2\/comments?post=3134"}],"version-history":[{"count":17,"href":"https:\/\/www.abseitsreisen.de\/blog\/wp-json\/wp\/v2\/posts\/3134\/revisions"}],"predecessor-version":[{"id":3238,"href":"https:\/\/www.abseitsreisen.de\/blog\/wp-json\/wp\/v2\/posts\/3134\/revisions\/3238"}],"wp:featuredmedia":[{"embeddable":true,"href":"https:\/\/www.abseitsreisen.de\/blog\/wp-json\/wp\/v2\/media\/3146"}],"wp:attachment":[{"href":"https:\/\/www.abseitsreisen.de\/blog\/wp-json\/wp\/v2\/media?parent=3134"}],"wp:term":[{"taxonomy":"category","embeddable":true,"href":"https:\/\/www.abseitsreisen.de\/blog\/wp-json\/wp\/v2\/categories?post=3134"},{"taxonomy":"post_tag","embeddable":true,"href":"https:\/\/www.abseitsreisen.de\/blog\/wp-json\/wp\/v2\/tags?post=3134"}],"curies":[{"name":"wp","href":"https:\/\/api.w.org\/{rel}","templated":true}]}}