{"id":7879,"date":"2016-05-12T08:46:21","date_gmt":"2016-05-12T06:46:21","guid":{"rendered":"http:\/\/www.abseitsreisen.de\/blog\/?p=7879"},"modified":"2016-05-31T10:23:04","modified_gmt":"2016-05-31T08:23:04","slug":"amberg-vernissage-ferne-welten-am-13-05-2016","status":"publish","type":"post","link":"https:\/\/www.abseitsreisen.de\/blog\/2016\/05\/12\/amberg-vernissage-ferne-welten-am-13-05-2016\/","title":{"rendered":"Amberg. Vernissage am 13.05.2016"},"content":{"rendered":"<p><a href=\"https:\/\/www.abseitsreisen.de\/blog\/wp-content\/uploads\/2016\/05\/Einladung-Vernissage.jpg\"><img loading=\"lazy\" decoding=\"async\" class=\"size-full wp-image-7883 alignright\" src=\"https:\/\/www.abseitsreisen.de\/blog\/wp-content\/uploads\/2016\/05\/Einladung-Vernissage.jpg\" alt=\"Einladung Vernissage\" width=\"725\" height=\"400\" srcset=\"https:\/\/www.abseitsreisen.de\/blog\/wp-content\/uploads\/2016\/05\/Einladung-Vernissage.jpg 725w, https:\/\/www.abseitsreisen.de\/blog\/wp-content\/uploads\/2016\/05\/Einladung-Vernissage-300x166.jpg 300w\" sizes=\"auto, (max-width: 725px) 100vw, 725px\" \/><\/a><\/p>\n<p style=\"text-align: justify;\">Der Amberger Kunstverein hat mich eingeladen, meine Arbeit &#8218;Ferne Welten&#8216; zu pr\u00e4sentieren. Das Kunstprojekt entstand w\u00e4hrend unserer sechsj\u00e4hrigen Reise um die Welt und gibt Einblicke in die Gedanken- und Lebenswelt von Menschen aus unterschiedlichen Kulturkreisen.\u00a0Weiter Informationen \u00fcber die Arbeit finden Sie <a href=\"https:\/\/www.abseitsreisen.de\/blog\/kunstprojekt-ferne-welten\/\" target=\"_blank\">hier<\/a>.<\/p>\n<p style=\"text-align: justify;\">Im <a href=\"http:\/\/www.amberger-kunstkombinat.de\" target=\"_blank\">Amberger Kunstkombinat<\/a> ist das Kunstprojekt erstmals in seiner Ganzheit zu sehen.<\/p>\n<p style=\"text-align: justify;\"><strong>Zur Vernissage am Freitag, den 13. Mai 2016 um 19:30 Uhr, lade ich Sie und Ihre Freunde herzlich ein.<\/strong><\/p>\n<p style=\"text-align: justify;\">Die Ausstellung l\u00e4uft bis 28. Mai und ist jeden Freitag und Samstag von 15. &#8211; 18. Uhr ge\u00f6ffnet.<br \/>\nIch bin zur Vernissage und am Samstag, den 14. Mai pers\u00f6nlich anwesend.<\/p>\n<p style=\"text-align: justify;\">Ich freue mich auf Ihr Kommen.<\/p>\n<p>&nbsp;<\/p>\n","protected":false},"excerpt":{"rendered":"<p>Der Amberger Kunstverein hat mich eingeladen, meine Arbeit &#8218;Ferne Welten&#8216; zu pr\u00e4sentieren. Das Kunstprojekt entstand w\u00e4hrend unserer sechsj\u00e4hrigen Reise um die Welt und gibt Einblicke in die Gedanken- und Lebenswelt von Menschen aus unterschiedlichen Kulturkreisen.\u00a0Weiter Informationen \u00fcber die Arbeit finden &hellip; <a href=\"https:\/\/www.abseitsreisen.de\/blog\/2016\/05\/12\/amberg-vernissage-ferne-welten-am-13-05-2016\/\">Weiterlesen<\/a><\/p>\n","protected":false},"author":2,"featured_media":7903,"comment_status":"closed","ping_status":"closed","sticky":false,"template":"","format":"standard","meta":{"kt_blocks_editor_width":"","_metis_text_type":"","_metis_text_length":730,"_post_count":0,"footnotes":""},"categories":[25],"tags":[],"class_list":["post-7879","post","type-post","status-publish","format-standard","has-post-thumbnail","hentry","category-sonstiges"],"aioseo_notices":[],"_links":{"self":[{"href":"https:\/\/www.abseitsreisen.de\/blog\/wp-json\/wp\/v2\/posts\/7879","targetHints":{"allow":["GET"]}}],"collection":[{"href":"https:\/\/www.abseitsreisen.de\/blog\/wp-json\/wp\/v2\/posts"}],"about":[{"href":"https:\/\/www.abseitsreisen.de\/blog\/wp-json\/wp\/v2\/types\/post"}],"author":[{"embeddable":true,"href":"https:\/\/www.abseitsreisen.de\/blog\/wp-json\/wp\/v2\/users\/2"}],"replies":[{"embeddable":true,"href":"https:\/\/www.abseitsreisen.de\/blog\/wp-json\/wp\/v2\/comments?post=7879"}],"version-history":[{"count":12,"href":"https:\/\/www.abseitsreisen.de\/blog\/wp-json\/wp\/v2\/posts\/7879\/revisions"}],"predecessor-version":[{"id":7886,"href":"https:\/\/www.abseitsreisen.de\/blog\/wp-json\/wp\/v2\/posts\/7879\/revisions\/7886"}],"wp:featuredmedia":[{"embeddable":true,"href":"https:\/\/www.abseitsreisen.de\/blog\/wp-json\/wp\/v2\/media\/7903"}],"wp:attachment":[{"href":"https:\/\/www.abseitsreisen.de\/blog\/wp-json\/wp\/v2\/media?parent=7879"}],"wp:term":[{"taxonomy":"category","embeddable":true,"href":"https:\/\/www.abseitsreisen.de\/blog\/wp-json\/wp\/v2\/categories?post=7879"},{"taxonomy":"post_tag","embeddable":true,"href":"https:\/\/www.abseitsreisen.de\/blog\/wp-json\/wp\/v2\/tags?post=7879"}],"curies":[{"name":"wp","href":"https:\/\/api.w.org\/{rel}","templated":true}]}}