{"id":842,"date":"2010-12-18T18:01:24","date_gmt":"2010-12-18T16:01:24","guid":{"rendered":"http:\/\/www.abseitsreisen.de\/blog\/?p=842"},"modified":"2010-12-29T14:47:47","modified_gmt":"2010-12-29T12:47:47","slug":"die-diashow-ein-jahr-in-90-minuten","status":"publish","type":"post","link":"https:\/\/www.abseitsreisen.de\/blog\/2010\/12\/18\/die-diashow-ein-jahr-in-90-minuten\/","title":{"rendered":"Die Diashow. Ein Jahr in 90 Minuten."},"content":{"rendered":"<p>Wie in alles in der Welt soll man die Reise der vergangenen 12 Monate auf 90 Minuten zusammenfassen? Wo sollen all die Erfahrungen von 33.000 Kilometern hin? 17 L\u00e4nder, unz\u00e4hlige Begegnungen, endlose Eindr\u00fccke.<\/p>\n<p>Morgen, am 19. Dezember 2010 ist es soweit, die offizielle Premiere der Diashow. Wir haben die Eindr\u00fccke kondensiert, ausgew\u00e4hlt und dazu Bilder gefunden, die unsere Geschichte der vergangenen Reise erz\u00e4hlen. Es wird eine Diashow werden, aus unserer Perspektive erz\u00e4hlt, aus der Perspektive zweier Reisender, die sich mit dem eigenen Fahrzeug aufgemacht haben. Eine besondere Perspektive, die nicht nur viele wunderbare M\u00f6glichkeiten bietet sondern auch jede Menge Herausforderungen bereit h\u00e4lt.<\/p>\n<p>Wir sind gespannt auf den Abend im Musikomm und freuen uns schon auf die weiteren Termine in Elbart, Amberg und Freising.<\/p>\n","protected":false},"excerpt":{"rendered":"<p>Wie in alles in der Welt soll man die Reise der vergangenen 12 Monate auf 90 Minuten zusammenfassen? Wo sollen all die Erfahrungen von 33.000 Kilometern hin? 17 L\u00e4nder, unz\u00e4hlige Begegnungen, endlose Eindr\u00fccke. Morgen, am 19. Dezember 2010 ist es &hellip; <a href=\"https:\/\/www.abseitsreisen.de\/blog\/2010\/12\/18\/die-diashow-ein-jahr-in-90-minuten\/\">Weiterlesen<\/a><\/p>\n","protected":false},"author":3,"featured_media":0,"comment_status":"closed","ping_status":"closed","sticky":false,"template":"","format":"standard","meta":{"kt_blocks_editor_width":"","_metis_text_type":"","_metis_text_length":1289,"_post_count":0,"footnotes":""},"categories":[16],"tags":[],"class_list":["post-842","post","type-post","status-publish","format-standard","hentry","category-veranstaltungen"],"aioseo_notices":[],"_links":{"self":[{"href":"https:\/\/www.abseitsreisen.de\/blog\/wp-json\/wp\/v2\/posts\/842","targetHints":{"allow":["GET"]}}],"collection":[{"href":"https:\/\/www.abseitsreisen.de\/blog\/wp-json\/wp\/v2\/posts"}],"about":[{"href":"https:\/\/www.abseitsreisen.de\/blog\/wp-json\/wp\/v2\/types\/post"}],"author":[{"embeddable":true,"href":"https:\/\/www.abseitsreisen.de\/blog\/wp-json\/wp\/v2\/users\/3"}],"replies":[{"embeddable":true,"href":"https:\/\/www.abseitsreisen.de\/blog\/wp-json\/wp\/v2\/comments?post=842"}],"version-history":[{"count":4,"href":"https:\/\/www.abseitsreisen.de\/blog\/wp-json\/wp\/v2\/posts\/842\/revisions"}],"predecessor-version":[{"id":849,"href":"https:\/\/www.abseitsreisen.de\/blog\/wp-json\/wp\/v2\/posts\/842\/revisions\/849"}],"wp:attachment":[{"href":"https:\/\/www.abseitsreisen.de\/blog\/wp-json\/wp\/v2\/media?parent=842"}],"wp:term":[{"taxonomy":"category","embeddable":true,"href":"https:\/\/www.abseitsreisen.de\/blog\/wp-json\/wp\/v2\/categories?post=842"},{"taxonomy":"post_tag","embeddable":true,"href":"https:\/\/www.abseitsreisen.de\/blog\/wp-json\/wp\/v2\/tags?post=842"}],"curies":[{"name":"wp","href":"https:\/\/api.w.org\/{rel}","templated":true}]}}