{"id":871,"date":"2011-01-15T17:19:21","date_gmt":"2011-01-15T15:19:21","guid":{"rendered":"http:\/\/www.abseitsreisen.de\/blog\/?p=871"},"modified":"2011-11-15T17:28:39","modified_gmt":"2011-11-15T16:28:39","slug":"uberwaltigender-andrang-bei-den-diashows-vielen-dank","status":"publish","type":"post","link":"https:\/\/www.abseitsreisen.de\/blog\/2011\/01\/15\/uberwaltigender-andrang-bei-den-diashows-vielen-dank\/","title":{"rendered":"\u00dcberw\u00e4ltigender Andrang bei den Diashows. Vielen Dank."},"content":{"rendered":"<p>Damit haben wir nun wirklich nicht gerechnet. Drei Mal konnten wir die Diashow \u00fcber die Reise der vergangenen 12 Monate bisher zeigen. Dreimal hat der Zuschaueransturm alle Erwartungen \u00fcbertroffen. Selbst das riesige MusiKomm in Amberg war am vergangenen Samstag bis auf den letzten Klappstuhl vollkommen ausverkauft. Wir bedauern sehr, dass nicht alle Interessenten an der Abendkasse mehr eingelassen werden konnten.<\/p>\n<p>Wir empfinden das positive Feedback auf die Veranstaltung als gro\u00dfes Lob, aber auch als Ansporn weitere Diashows zu planen.<\/p>\n<p>Es macht wirklich sehr viel Freude von den eigenen Erfahrungen zu berichten, von den atemberaubenden Landschaften zu erz\u00e4hlen, die wir auf unserer bisherigen Reise erleben durften, von den herzlichen Begegnungen mit den Menschen, von der ein oder anderen Herausforderung, von all dem, was wir erlebt haben.<\/p>\n<p><img loading=\"lazy\" decoding=\"async\" class=\"alignnone size-full wp-image-880\" title=\"Diashow Amberg\" src=\"https:\/\/www.abseitsreisen.de\/blog\/wp-content\/uploads\/2011\/01\/Diashow-Amberg2.jpg\" alt=\"Diashow Amberg\" width=\"500\" height=\"333\" srcset=\"https:\/\/www.abseitsreisen.de\/blog\/wp-content\/uploads\/2011\/01\/Diashow-Amberg2.jpg 500w, https:\/\/www.abseitsreisen.de\/blog\/wp-content\/uploads\/2011\/01\/Diashow-Amberg2-300x199.jpg 300w\" sizes=\"auto, (max-width: 500px) 100vw, 500px\" \/><\/p>\n<p>Dies nun auch nicht nur selbst erfahren zu haben, sondern auch noch vermitteln zu d\u00fcrfen, gibt unserem Reiseprojekt nochmal eine ganz andere Bedeutung. Viele sprechen uns nach den Veranstaltungen an und beschreiben, dass sich ihr Blick auf das ein oder andere Land vollkommen ver\u00e4ndert hat. In den Nachrichten h\u00f6re man meist nur Negatives, von Katastrophen und Ungl\u00fccken, von manchen L\u00e4ndern seien ihnen bisher nur Bilder von bewaffneten K\u00e4mpfern, Krieg und Aufst\u00e4nden bekannt. \u201eEs sei wirklich interessant und bereichernd, nun auch mal eine andere Seite kennen gelernt zu haben\u201c, so ein Gespr\u00e4ch vom Abend nach der Veranstaltung.<\/p>\n<p><img loading=\"lazy\" decoding=\"async\" class=\"alignnone size-full wp-image-873\" title=\"Diashow Freising\" src=\"https:\/\/www.abseitsreisen.de\/blog\/wp-content\/uploads\/2011\/01\/Diashow-Freising.jpg\" alt=\"Diashow Freising\" width=\"500\" height=\"333\" srcset=\"https:\/\/www.abseitsreisen.de\/blog\/wp-content\/uploads\/2011\/01\/Diashow-Freising.jpg 500w, https:\/\/www.abseitsreisen.de\/blog\/wp-content\/uploads\/2011\/01\/Diashow-Freising-300x199.jpg 300w\" sizes=\"auto, (max-width: 500px) 100vw, 500px\" \/><\/p>\n<p>Wir freuen uns, wenn wir es schaffen mit der knapp zweist\u00fcndigen Reise quer durch Eurasien, den Blick der Zuschauer auf die bereisten Regionen um ein paar Aspekte zu erg\u00e4nzen und manche L\u00e4nder vielleicht sogar in ein neues Licht zu r\u00fccken. Bisher hat es uns sehr viel Spa\u00df gemacht und wir freuen uns auf die kommenden Veranstaltungen.<\/p>\n<p>Am 16. Februar 2011 werden wir erneut los ziehen, unser fahrbares Zuhause wartet bereits in Laos auf uns. Dann hei\u00dft es wieder: Schluss mit solch Luxus wie Supermarkt, Backofen und\u00a0 hei\u00dfer Dusche, dann sind wir wieder unterwegs. Erst einmal quer durch S\u00fcdostasien, Thailand, Kambodscha, Malaysia und dann? Mal sehen, wir haben schon eine Menge Ideen wie es weiter gehen k\u00f6nnte. Ab Mitte Februar gibt es wieder aktuelle Berichte von unserer Reise hier im Blog, bis dahin Neuigkeiten von den Veranstaltungen und unserem Heimaturlaub in Deutschland.<\/p>\n","protected":false},"excerpt":{"rendered":"<p>Damit haben wir nun wirklich nicht gerechnet. Drei Mal konnten wir die Diashow \u00fcber die Reise der vergangenen 12 Monate bisher zeigen. Dreimal hat der Zuschaueransturm alle Erwartungen \u00fcbertroffen. Selbst das riesige MusiKomm in Amberg war am vergangenen Samstag bis &hellip; <a href=\"https:\/\/www.abseitsreisen.de\/blog\/2011\/01\/15\/uberwaltigender-andrang-bei-den-diashows-vielen-dank\/\">Weiterlesen<\/a><\/p>\n","protected":false},"author":3,"featured_media":0,"comment_status":"closed","ping_status":"closed","sticky":false,"template":"","format":"standard","meta":{"kt_blocks_editor_width":"","_metis_text_type":"","_metis_text_length":1289,"_post_count":0,"footnotes":""},"categories":[16],"tags":[],"class_list":["post-871","post","type-post","status-publish","format-standard","hentry","category-veranstaltungen"],"aioseo_notices":[],"_links":{"self":[{"href":"https:\/\/www.abseitsreisen.de\/blog\/wp-json\/wp\/v2\/posts\/871","targetHints":{"allow":["GET"]}}],"collection":[{"href":"https:\/\/www.abseitsreisen.de\/blog\/wp-json\/wp\/v2\/posts"}],"about":[{"href":"https:\/\/www.abseitsreisen.de\/blog\/wp-json\/wp\/v2\/types\/post"}],"author":[{"embeddable":true,"href":"https:\/\/www.abseitsreisen.de\/blog\/wp-json\/wp\/v2\/users\/3"}],"replies":[{"embeddable":true,"href":"https:\/\/www.abseitsreisen.de\/blog\/wp-json\/wp\/v2\/comments?post=871"}],"version-history":[{"count":11,"href":"https:\/\/www.abseitsreisen.de\/blog\/wp-json\/wp\/v2\/posts\/871\/revisions"}],"predecessor-version":[{"id":1528,"href":"https:\/\/www.abseitsreisen.de\/blog\/wp-json\/wp\/v2\/posts\/871\/revisions\/1528"}],"wp:attachment":[{"href":"https:\/\/www.abseitsreisen.de\/blog\/wp-json\/wp\/v2\/media?parent=871"}],"wp:term":[{"taxonomy":"category","embeddable":true,"href":"https:\/\/www.abseitsreisen.de\/blog\/wp-json\/wp\/v2\/categories?post=871"},{"taxonomy":"post_tag","embeddable":true,"href":"https:\/\/www.abseitsreisen.de\/blog\/wp-json\/wp\/v2\/tags?post=871"}],"curies":[{"name":"wp","href":"https:\/\/api.w.org\/{rel}","templated":true}]}}