{"id":8862,"date":"2016-10-09T12:20:22","date_gmt":"2016-10-09T10:20:22","guid":{"rendered":"http:\/\/www.abseitsreisen.de\/blog\/?p=8862"},"modified":"2016-10-06T01:34:01","modified_gmt":"2016-10-05T23:34:01","slug":"die-besten-fotoreportagen-kommen-nach-amberg","status":"publish","type":"post","link":"https:\/\/www.abseitsreisen.de\/blog\/2016\/10\/09\/die-besten-fotoreportagen-kommen-nach-amberg\/","title":{"rendered":"Wir holen die besten Fotoreportagen nach Amberg."},"content":{"rendered":"<div id=\"pl-8862\"  class=\"panel-layout\" ><div id=\"pg-8862-0\"  class=\"panel-grid panel-no-style\" ><div id=\"pgc-8862-0-0\"  class=\"panel-grid-cell\" ><div id=\"panel-8862-0-0-0\" class=\"so-panel widget widget_sow-headline panel-first-child\" data-index=\"0\" ><div\n\t\t\t\n\t\t\tclass=\"so-widget-sow-headline so-widget-sow-headline-default-20a0c0f31d57-8862\"\n\t\t\t\n\t\t><div class=\"sow-headline-container \">\n\t\t\t\t\t\t<div class=\"decoration\">\n\t\t\t\t\t\t<div class=\"decoration-inside\"><\/div>\n\t\t\t\t\t<\/div>\n\t\t\t\t\t<\/div>\n<\/div><\/div><div id=\"panel-8862-0-0-1\" class=\"so-panel widget widget_sow-headline\" data-index=\"1\" ><div\n\t\t\t\n\t\t\tclass=\"so-widget-sow-headline so-widget-sow-headline-default-20a0c0f31d57-8862\"\n\t\t\t\n\t\t><div class=\"sow-headline-container \">\n\t\t\t\t\t\t\t<h3 class=\"sow-headline\">\n\t\t\t\t\t\t\u201eDas Amberger Publikum ist toll, die Atmosph\u00e4re im Musikomm einzigartig!\u201c \t\t\t\t\t\t<\/h3>\n\t\t\t\t\t\t\t\t\t\t\t<div class=\"decoration\">\n\t\t\t\t\t\t<div class=\"decoration-inside\"><\/div>\n\t\t\t\t\t<\/div>\n\t\t\t\t\t<\/div>\n<\/div><\/div><div id=\"panel-8862-0-0-2\" class=\"so-panel widget widget_sow-editor\" data-index=\"2\" ><div\n\t\t\t\n\t\t\tclass=\"so-widget-sow-editor so-widget-sow-editor-base\"\n\t\t\t\n\t\t>\n<div class=\"siteorigin-widget-tinymce textwidget\">\n\t<p style=\"text-align: justify;\">Das sind die Worte von Andr\u00e9 Schumacher, den wir im vergangenen M\u00e4rz als Referenten nach Amberg eingeladen hatten. Er war begeistert: \u201eEs war wirklich ein Abend, der aus dem Tourneealltag herausragt!\u201c<\/p>\n<p style=\"text-align: justify;\">Faszinierte Zuschauer und gro\u00dfartige Stimmung, was kann es Sch\u00f6neres geben? Deshalb haben wir uns gemeinsam mit dem Amberger Kulturwerk etwas ganz Besonderes \u00fcberlegt: In den kommenden Jahren holen wir die besten Vortragsreferenten aus Deutschland, \u00d6sterreich und der Schweiz f\u00fcr Euch nach Amberg.<\/p>\n<p style=\"text-align: justify;\">Sie werden Euch zu ihren ganz pers\u00f6nlichen Abenteuern mitnehmen: Auf die h\u00f6chsten Berge und hinab in die Tiefe der Meere, durch atemberaubende Landschaften und zu den haarstr\u00e4ubendsten Momenten ihrer Reisen.<\/p>\n<\/div>\n<\/div><\/div><div id=\"panel-8862-0-0-3\" class=\"so-panel widget widget_sow-image\" data-index=\"3\" ><div\n\t\t\t\n\t\t\tclass=\"so-widget-sow-image so-widget-sow-image-default-8b5b6f678277-8862\"\n\t\t\t\n\t\t>\n<div class=\"sow-image-container\">\n\t\t<img \n\tsrc=\"https:\/\/www.abseitsreisen.de\/blog\/wp-content\/uploads\/2016\/10\/Titel-hin-und-weg-Amberg-wide-1.jpg\" width=\"1222\" height=\"247\" srcset=\"https:\/\/www.abseitsreisen.de\/blog\/wp-content\/uploads\/2016\/10\/Titel-hin-und-weg-Amberg-wide-1.jpg 1222w, https:\/\/www.abseitsreisen.de\/blog\/wp-content\/uploads\/2016\/10\/Titel-hin-und-weg-Amberg-wide-1-300x61.jpg 300w, https:\/\/www.abseitsreisen.de\/blog\/wp-content\/uploads\/2016\/10\/Titel-hin-und-weg-Amberg-wide-1-768x155.jpg 768w, https:\/\/www.abseitsreisen.de\/blog\/wp-content\/uploads\/2016\/10\/Titel-hin-und-weg-Amberg-wide-1-1024x207.jpg 1024w\" sizes=\"(max-width: 1222px) 100vw, 1222px\" title=\"Hin und Weg Amberg\" alt=\"Hin und Weg Amberg - Logo\" \t\tclass=\"so-widget-image\"\/>\n\t<\/div>\n\n<\/div><\/div><div id=\"panel-8862-0-0-4\" class=\"so-panel widget widget_sow-headline panel-last-child\" data-index=\"4\" ><div\n\t\t\t\n\t\t\tclass=\"so-widget-sow-headline so-widget-sow-headline-default-20a0c0f31d57-8862\"\n\t\t\t\n\t\t><div class=\"sow-headline-container \">\n\t\t\t\t\t\t\t<h3 class=\"sow-headline\">\n\t\t\t\t\t\tErlebe die Faszination unserer Erde in all ihren Facetten \u2013 live und authentisch erz\u00e4hlt. \t\t\t\t\t\t<\/h3>\n\t\t\t\t\t\t\t\t\t\t\t<div class=\"decoration\">\n\t\t\t\t\t\t<div class=\"decoration-inside\"><\/div>\n\t\t\t\t\t<\/div>\n\t\t\t\t\t<\/div>\n<\/div><\/div><\/div><\/div><div id=\"pg-8862-1\"  class=\"panel-grid panel-no-style\" ><div id=\"pgc-8862-1-0\"  class=\"panel-grid-cell\" ><div id=\"panel-8862-1-0-0\" class=\"so-panel widget widget_sow-image panel-first-child\" data-index=\"5\" ><div\n\t\t\t\n\t\t\tclass=\"so-widget-sow-image so-widget-sow-image-default-c67d20f9f743-8862\"\n\t\t\t\n\t\t>\n<div class=\"sow-image-container\">\n\t\t<img \n\tsrc=\"https:\/\/www.abseitsreisen.de\/blog\/wp-content\/uploads\/2016\/10\/CUBA-Bruno-Maul.jpg\" width=\"750\" height=\"300\" srcset=\"https:\/\/www.abseitsreisen.de\/blog\/wp-content\/uploads\/2016\/10\/CUBA-Bruno-Maul.jpg 750w, https:\/\/www.abseitsreisen.de\/blog\/wp-content\/uploads\/2016\/10\/CUBA-Bruno-Maul-300x120.jpg 300w\" sizes=\"(max-width: 750px) 100vw, 750px\" title=\"cuba-bruno-maul\" alt=\"\" \t\tclass=\"so-widget-image\"\/>\n\t<\/div>\n\n<\/div><\/div><div id=\"panel-8862-1-0-1\" class=\"so-panel widget widget_sow-headline\" data-index=\"6\" ><div\n\t\t\t\n\t\t\tclass=\"so-widget-sow-headline so-widget-sow-headline-default-38903b47f28f-8862\"\n\t\t\t\n\t\t><div class=\"sow-headline-container \">\n\t\t\t\t\t\t\t<h5 class=\"sow-headline\">\n\t\t\t\t\t\tCUBA \u2013 Insel im Aufbruch \/ BRUNO MAUL\t\t\t\t\t\t<\/h5>\n\t\t\t\t\t\t<\/div>\n<\/div><\/div><div id=\"panel-8862-1-0-2\" class=\"so-panel widget widget_sow-editor\" data-index=\"7\" ><div\n\t\t\t\n\t\t\tclass=\"so-widget-sow-editor so-widget-sow-editor-base\"\n\t\t\t\n\t\t>\n<div class=\"siteorigin-widget-tinymce textwidget\">\n\t<p>Sa, 29.10.16 \/ 19.30 Uhr<\/p>\n<p>Das sozialistische Kuba befindet sich im Wandel! Davon zeugt nicht nur die j\u00fcngste Ann\u00e4herung an den Erzfeind USA. Doch wie wirkt sich dieser Wandel auf die Einwohner aus? Dieser Frage geht Bruno Maul seit \u00fcber 12 Jahren auf den Grund. Die mehrfach preisgekr\u00f6nte Live-Reportage zeigt tiefe Einblicke in Vergangenheit, Gegenwart und Zukunft des Karibikstaates.<\/p>\n<\/div>\n<\/div><\/div><div id=\"panel-8862-1-0-3\" class=\"so-panel widget widget_sow-headline panel-last-child\" data-index=\"8\" ><div\n\t\t\t\n\t\t\tclass=\"so-widget-sow-headline so-widget-sow-headline-default-20a0c0f31d57-8862\"\n\t\t\t\n\t\t><div class=\"sow-headline-container \">\n\t\t\t\t\t\t<div class=\"decoration\">\n\t\t\t\t\t\t<div class=\"decoration-inside\"><\/div>\n\t\t\t\t\t<\/div>\n\t\t\t\t\t<\/div>\n<\/div><\/div><\/div><\/div><div id=\"pg-8862-2\"  class=\"panel-grid panel-no-style\" ><div id=\"pgc-8862-2-0\"  class=\"panel-grid-cell\" ><div id=\"panel-8862-2-0-0\" class=\"so-panel widget widget_sow-image panel-first-child\" data-index=\"9\" ><div\n\t\t\t\n\t\t\tclass=\"so-widget-sow-image so-widget-sow-image-default-c67d20f9f743-8862\"\n\t\t\t\n\t\t>\n<div class=\"sow-image-container\">\n\t\t<img \n\tsrc=\"https:\/\/www.abseitsreisen.de\/blog\/wp-content\/uploads\/2016\/10\/Ladakh-Thomas-B\u00f6hm-1.jpg\" width=\"750\" height=\"300\" srcset=\"https:\/\/www.abseitsreisen.de\/blog\/wp-content\/uploads\/2016\/10\/Ladakh-Thomas-B\u00f6hm-1.jpg 750w, https:\/\/www.abseitsreisen.de\/blog\/wp-content\/uploads\/2016\/10\/Ladakh-Thomas-B\u00f6hm-1-300x120.jpg 300w\" sizes=\"(max-width: 750px) 100vw, 750px\" title=\"ladakh-thomas-boehm\" alt=\"\" \t\tclass=\"so-widget-image\"\/>\n\t<\/div>\n\n<\/div><\/div><div id=\"panel-8862-2-0-1\" class=\"so-panel widget widget_sow-headline\" data-index=\"10\" ><div\n\t\t\t\n\t\t\tclass=\"so-widget-sow-headline so-widget-sow-headline-default-38903b47f28f-8862\"\n\t\t\t\n\t\t><div class=\"sow-headline-container \">\n\t\t\t\t\t\t\t<h5 class=\"sow-headline\">\n\t\t\t\t\t\tLADAKH \u2013 Little Tibet \/ THOMAS B\u00d6HM\t\t\t\t\t\t<\/h5>\n\t\t\t\t\t\t<\/div>\n<\/div><\/div><div id=\"panel-8862-2-0-2\" class=\"so-panel widget widget_sow-editor\" data-index=\"11\" ><div\n\t\t\t\n\t\t\tclass=\"so-widget-sow-editor so-widget-sow-editor-base\"\n\t\t\t\n\t\t>\n<div class=\"siteorigin-widget-tinymce textwidget\">\n\t<p>Do, 24.11.16 \/ 19.30 Uhr<\/p>\n<p>Als Ladakh im indischen Bundesstaat Jammu &amp; Kashmir, f\u00fcr den internationalen Reiseverkehr freigegeben wurde, mussten wohl viele erst einmal den Atlas zur Hilfe nehmen. Mittlerweile ist es seinem Status als Geheimtipp entwachsen. Die Einwohner leben auf einer H\u00f6he bis \u00fcber 4500 m in einer der h\u00f6chsten besiedelten Regionen der Welt. Der N\u00e4he zu Tibet ist es zuzuschreiben, dass die Lebensweise stark vom Buddhismus gepr\u00e4gt ist.<\/p>\n<\/div>\n<\/div><\/div><div id=\"panel-8862-2-0-3\" class=\"so-panel widget widget_sow-headline panel-last-child\" data-index=\"12\" ><div\n\t\t\t\n\t\t\tclass=\"so-widget-sow-headline so-widget-sow-headline-default-20a0c0f31d57-8862\"\n\t\t\t\n\t\t><div class=\"sow-headline-container \">\n\t\t\t\t\t\t<div class=\"decoration\">\n\t\t\t\t\t\t<div class=\"decoration-inside\"><\/div>\n\t\t\t\t\t<\/div>\n\t\t\t\t\t<\/div>\n<\/div><\/div><\/div><\/div><div id=\"pg-8862-3\"  class=\"panel-grid panel-no-style\" ><div id=\"pgc-8862-3-0\"  class=\"panel-grid-cell\" ><div id=\"panel-8862-3-0-0\" class=\"so-panel widget widget_sow-image panel-first-child\" data-index=\"13\" ><div\n\t\t\t\n\t\t\tclass=\"so-widget-sow-image so-widget-sow-image-default-c67d20f9f743-8862\"\n\t\t\t\n\t\t>\n<div class=\"sow-image-container\">\n\t\t<img \n\tsrc=\"https:\/\/www.abseitsreisen.de\/blog\/wp-content\/uploads\/2016\/10\/Transasien-HoppeRahn.jpg\" width=\"750\" height=\"300\" srcset=\"https:\/\/www.abseitsreisen.de\/blog\/wp-content\/uploads\/2016\/10\/Transasien-HoppeRahn.jpg 750w, https:\/\/www.abseitsreisen.de\/blog\/wp-content\/uploads\/2016\/10\/Transasien-HoppeRahn-300x120.jpg 300w\" sizes=\"(max-width: 750px) 100vw, 750px\" title=\"Unbekanntes Zentralamerika\" alt=\"\" \t\tclass=\"so-widget-image\"\/>\n\t<\/div>\n\n<\/div><\/div><div id=\"panel-8862-3-0-1\" class=\"so-panel widget widget_sow-headline\" data-index=\"14\" ><div\n\t\t\t\n\t\t\tclass=\"so-widget-sow-headline so-widget-sow-headline-default-38903b47f28f-8862\"\n\t\t\t\n\t\t><div class=\"sow-headline-container \">\n\t\t\t\t\t\t\t<h5 class=\"sow-headline\">\n\t\t\t\t\t\tTRANSASIEN \u2013 Bis ans Ende der Welt \/ SABINE HOPPE &amp; THOMAS RAHN\t\t\t\t\t\t<\/h5>\n\t\t\t\t\t\t<\/div>\n<\/div><\/div><div id=\"panel-8862-3-0-2\" class=\"so-panel widget widget_sow-editor\" data-index=\"15\" ><div\n\t\t\t\n\t\t\tclass=\"so-widget-sow-editor so-widget-sow-editor-base\"\n\t\t\t\n\t\t>\n<div class=\"siteorigin-widget-tinymce textwidget\">\n\t<p>Sa, 21.01.17 \/ 19.30 Uhr<\/p>\n<p>In den letzten Jahren bereits mehrfach ausverkauft: Aufgrund der gro\u00dfen Nachfrage zeigen wir im Musikomm noch einmal die Show vom ersten Abschnitt der Weltumrundung im Oldtimer. Aus der Heimat Amberg f\u00fchrt die Reise bis in die W\u00fcsten des Iran, entlang der sagenumwobenen Seidenstra\u00dfe und quer durch die einsame Mongolei bis ins kunterbunte China. Interessante Begegnungen, atemberaubende Landschaften, fremde Kulturen und viele pers\u00f6nliche Erlebnisse auf 33.000 km durch 17 L\u00e4nder: Eine Geschichte von Freud und Leid der Fahrt bis ans Ende der Welt.<\/p>\n<\/div>\n<\/div><\/div><div id=\"panel-8862-3-0-3\" class=\"so-panel widget widget_sow-headline panel-last-child\" data-index=\"16\" ><div\n\t\t\t\n\t\t\tclass=\"so-widget-sow-headline so-widget-sow-headline-default-20a0c0f31d57-8862\"\n\t\t\t\n\t\t><div class=\"sow-headline-container \">\n\t\t\t\t\t\t<div class=\"decoration\">\n\t\t\t\t\t\t<div class=\"decoration-inside\"><\/div>\n\t\t\t\t\t<\/div>\n\t\t\t\t\t<\/div>\n<\/div><\/div><\/div><\/div><div id=\"pg-8862-4\"  class=\"panel-grid panel-no-style\" ><div id=\"pgc-8862-4-0\"  class=\"panel-grid-cell\" ><div id=\"panel-8862-4-0-0\" class=\"so-panel widget widget_sow-image panel-first-child\" data-index=\"17\" ><div\n\t\t\t\n\t\t\tclass=\"so-widget-sow-image so-widget-sow-image-default-c67d20f9f743-8862\"\n\t\t\t\n\t\t>\n<div class=\"sow-image-container\">\n\t\t<img \n\tsrc=\"https:\/\/www.abseitsreisen.de\/blog\/wp-content\/uploads\/2016\/10\/Japan-Marcus-Haid.jpg\" width=\"750\" height=\"300\" srcset=\"https:\/\/www.abseitsreisen.de\/blog\/wp-content\/uploads\/2016\/10\/Japan-Marcus-Haid.jpg 750w, https:\/\/www.abseitsreisen.de\/blog\/wp-content\/uploads\/2016\/10\/Japan-Marcus-Haid-300x120.jpg 300w\" sizes=\"(max-width: 750px) 100vw, 750px\" title=\"japan-marcus-haid\" alt=\"\" \t\tclass=\"so-widget-image\"\/>\n\t<\/div>\n\n<\/div><\/div><div id=\"panel-8862-4-0-1\" class=\"so-panel widget widget_sow-headline\" data-index=\"18\" ><div\n\t\t\t\n\t\t\tclass=\"so-widget-sow-headline so-widget-sow-headline-default-38903b47f28f-8862\"\n\t\t\t\n\t\t><div class=\"sow-headline-container \">\n\t\t\t\t\t\t\t<h5 class=\"sow-headline\">\n\t\t\t\t\t\tJAPAN - Eine moderne Abenteuerreise \/ MARCUS HAID\t\t\t\t\t\t<\/h5>\n\t\t\t\t\t\t<\/div>\n<\/div><\/div><div id=\"panel-8862-4-0-2\" class=\"so-panel widget widget_sow-editor\" data-index=\"19\" ><div\n\t\t\t\n\t\t\tclass=\"so-widget-sow-editor so-widget-sow-editor-base\"\n\t\t\t\n\t\t>\n<div class=\"siteorigin-widget-tinymce textwidget\">\n\t<p>Sa, 11.02.17 \/ 19.30 Uhr<\/p>\n<p>Japan, f\u00fcr westliche Besucher nach wie vor ein Abenteuer - ein Land und eine Kultur die ein Geheimnis f\u00fcr uns darstellt. In seiner neuen Multimediashow nimmt uns Marcus Haid mit auf eine faszinierende Reise zur unbekannten Sch\u00f6nheit Nippons. Von der Urwaldinsel Yakushima im S\u00fcden \u00fcber die Hauptinseln Kyushu und Honshu bis in den \u00e4u\u00dfersten Norden auf der Insel Hokkaido.<\/p>\n<\/div>\n<\/div><\/div><div id=\"panel-8862-4-0-3\" class=\"so-panel widget widget_sow-headline panel-last-child\" data-index=\"20\" ><div\n\t\t\t\n\t\t\tclass=\"so-widget-sow-headline so-widget-sow-headline-default-20a0c0f31d57-8862\"\n\t\t\t\n\t\t><div class=\"sow-headline-container \">\n\t\t\t\t\t\t<div class=\"decoration\">\n\t\t\t\t\t\t<div class=\"decoration-inside\"><\/div>\n\t\t\t\t\t<\/div>\n\t\t\t\t\t<\/div>\n<\/div><\/div><\/div><\/div><div id=\"pg-8862-5\"  class=\"panel-grid panel-no-style\" ><div id=\"pgc-8862-5-0\"  class=\"panel-grid-cell\" ><div id=\"panel-8862-5-0-0\" class=\"so-panel widget widget_sow-image panel-first-child\" data-index=\"21\" ><div\n\t\t\t\n\t\t\tclass=\"so-widget-sow-image so-widget-sow-image-default-c67d20f9f743-8862\"\n\t\t\t\n\t\t>\n<div class=\"sow-image-container\">\n\t\t<img \n\tsrc=\"https:\/\/www.abseitsreisen.de\/blog\/wp-content\/uploads\/2016\/10\/In-80-Tagen-um-die-Welt-Andre-Schumacher.jpg\" width=\"750\" height=\"300\" srcset=\"https:\/\/www.abseitsreisen.de\/blog\/wp-content\/uploads\/2016\/10\/In-80-Tagen-um-die-Welt-Andre-Schumacher.jpg 750w, https:\/\/www.abseitsreisen.de\/blog\/wp-content\/uploads\/2016\/10\/In-80-Tagen-um-die-Welt-Andre-Schumacher-300x120.jpg 300w\" sizes=\"(max-width: 750px) 100vw, 750px\" title=\"in-80-tagen-um-die-welt-andre-schumacher\" alt=\"\" \t\tclass=\"so-widget-image\"\/>\n\t<\/div>\n\n<\/div><\/div><div id=\"panel-8862-5-0-1\" class=\"so-panel widget widget_sow-headline\" data-index=\"22\" ><div\n\t\t\t\n\t\t\tclass=\"so-widget-sow-headline so-widget-sow-headline-default-38903b47f28f-8862\"\n\t\t\t\n\t\t><div class=\"sow-headline-container \">\n\t\t\t\t\t\t\t<h5 class=\"sow-headline\">\n\t\t\t\t\t\tIN 80 TAGEN UM DIE WELT \/ ANDR\u00c9 SCHUMACHER\t\t\t\t\t\t<\/h5>\n\t\t\t\t\t\t<\/div>\n<\/div><\/div><div id=\"panel-8862-5-0-2\" class=\"so-panel widget widget_sow-editor\" data-index=\"23\" ><div\n\t\t\t\n\t\t\tclass=\"so-widget-sow-editor so-widget-sow-editor-base\"\n\t\t\t\n\t\t>\n<div class=\"siteorigin-widget-tinymce textwidget\">\n\t<p>Fr, 17.03.17 \/ 19.30 Uhr<\/p>\n<p>Im vergangenen Jahr nahm er das Amberger Publikum zu Fu\u00df \u00fcber die sieben Inseln der Kanaren, heuer geht es um die ganze Welt: 80 Tage, 80 N\u00e4chte, 80 Betten \u2013 Jules Verne einmal anders. In grandiosen Nahaufnahmen und cineastischen Landschaftspanoramen berichtet der Fotok\u00fcnstler von den Wirren und Wundern dieser ungew\u00f6hnlichen Reise und entf\u00fchrt die Zuschauer in die gro\u00dfen Naturparadiese unseres Planeten. Wie bereits im vergangenen Jahr auf den Kanaren werden auch hier die Lachmuskeln nicht zu kurz kommen.<\/p>\n<\/div>\n<\/div><\/div><div id=\"panel-8862-5-0-3\" class=\"so-panel widget widget_sow-headline panel-last-child\" data-index=\"24\" ><div\n\t\t\t\n\t\t\tclass=\"so-widget-sow-headline so-widget-sow-headline-default-20a0c0f31d57-8862\"\n\t\t\t\n\t\t><div class=\"sow-headline-container \">\n\t\t\t\t\t\t<div class=\"decoration\">\n\t\t\t\t\t\t<div class=\"decoration-inside\"><\/div>\n\t\t\t\t\t<\/div>\n\t\t\t\t\t<\/div>\n<\/div><\/div><\/div><\/div><div id=\"pg-8862-6\"  class=\"panel-grid panel-no-style\" ><div id=\"pgc-8862-6-0\"  class=\"panel-grid-cell\" ><div id=\"panel-8862-6-0-0\" class=\"so-panel widget widget_sow-editor panel-first-child\" data-index=\"25\" ><div\n\t\t\t\n\t\t\tclass=\"so-widget-sow-editor so-widget-sow-editor-base\"\n\t\t\t\n\t\t>\n<div class=\"siteorigin-widget-tinymce textwidget\">\n\t<p>Das Musikomm Amberg wird ab kommenden Winter der Anlaufpunkt f\u00fcr Fernweh und Reisefieber.<\/p>\n<p>Die verg\u00fcnstigte Abokarte f\u00fcr alle 5 Veranstaltungen dieser Saison gibt es in Amberg im <a href=\"https:\/\/www.google.de\/maps\/place\/Cafe+Baroco\/@49.4450419,11.8533016,15z\/data=!4m5!3m4!1s0x0:0x631cb8b5ae58de40!8m2!3d49.4450419!4d11.8533016\" target=\"_blank\">Caf\u00e9 Baroco<\/a>, beim <a href=\"http:\/\/www.musikomm.de\/\" target=\"_blank\">Musikomm <\/a>oder per Mailanfrage an hinundweg@abseitsreisen.de<\/p>\n<\/div>\n<\/div><\/div><div id=\"panel-8862-6-0-1\" class=\"so-panel widget widget_sow-button panel-last-child\" data-index=\"26\" ><div\n\t\t\t\n\t\t\tclass=\"so-widget-sow-button so-widget-sow-button-atom-f54c0409268f-8862\"\n\t\t\t\n\t\t><div class=\"ow-button-base ow-button-align-center\"\n>\n\t\t\t<a\n\t\t\t\t\thref=\"http:\/\/www.abseitsreisen.de\/blog\/hin-und-weg\/\"\n\t\t\t\t\tclass=\"sowb-button ow-icon-placement-left ow-button-hover\" \t>\n\t\t<span>\n\t\t\t\n\t\t\tMehr Informationen und Tickets\t\t<\/span>\n\t\t\t<\/a>\n\t<\/div>\n<\/div><\/div><\/div><\/div><\/div>","protected":false},"excerpt":{"rendered":"<p>Das sind die Worte von Andr\u00e9 Schumacher, den wir im vergangenen M\u00e4rz als Referenten nach Amberg eingeladen hatten. Er war begeistert: \u201eEs war wirklich ein Abend, der aus dem Tourneealltag herausragt!\u201cFaszinierte Zuschauer und gro\u00dfartige Stimmung, was kann es Sch\u00f6neres geben? &hellip; <a href=\"https:\/\/www.abseitsreisen.de\/blog\/2016\/10\/09\/die-besten-fotoreportagen-kommen-nach-amberg\/\">Weiterlesen<\/a><\/p>\n","protected":false},"author":3,"featured_media":8895,"comment_status":"closed","ping_status":"open","sticky":false,"template":"","format":"standard","meta":{"kt_blocks_editor_width":"","_metis_text_type":"","_metis_text_length":3753,"_post_count":0,"footnotes":""},"categories":[16],"tags":[],"class_list":["post-8862","post","type-post","status-publish","format-standard","has-post-thumbnail","hentry","category-veranstaltungen"],"aioseo_notices":[],"_links":{"self":[{"href":"https:\/\/www.abseitsreisen.de\/blog\/wp-json\/wp\/v2\/posts\/8862","targetHints":{"allow":["GET"]}}],"collection":[{"href":"https:\/\/www.abseitsreisen.de\/blog\/wp-json\/wp\/v2\/posts"}],"about":[{"href":"https:\/\/www.abseitsreisen.de\/blog\/wp-json\/wp\/v2\/types\/post"}],"author":[{"embeddable":true,"href":"https:\/\/www.abseitsreisen.de\/blog\/wp-json\/wp\/v2\/users\/3"}],"replies":[{"embeddable":true,"href":"https:\/\/www.abseitsreisen.de\/blog\/wp-json\/wp\/v2\/comments?post=8862"}],"version-history":[{"count":25,"href":"https:\/\/www.abseitsreisen.de\/blog\/wp-json\/wp\/v2\/posts\/8862\/revisions"}],"predecessor-version":[{"id":8900,"href":"https:\/\/www.abseitsreisen.de\/blog\/wp-json\/wp\/v2\/posts\/8862\/revisions\/8900"}],"wp:featuredmedia":[{"embeddable":true,"href":"https:\/\/www.abseitsreisen.de\/blog\/wp-json\/wp\/v2\/media\/8895"}],"wp:attachment":[{"href":"https:\/\/www.abseitsreisen.de\/blog\/wp-json\/wp\/v2\/media?parent=8862"}],"wp:term":[{"taxonomy":"category","embeddable":true,"href":"https:\/\/www.abseitsreisen.de\/blog\/wp-json\/wp\/v2\/categories?post=8862"},{"taxonomy":"post_tag","embeddable":true,"href":"https:\/\/www.abseitsreisen.de\/blog\/wp-json\/wp\/v2\/tags?post=8862"}],"curies":[{"name":"wp","href":"https:\/\/api.w.org\/{rel}","templated":true}]}}