{"id":8916,"date":"2016-11-04T20:06:43","date_gmt":"2016-11-04T19:06:43","guid":{"rendered":"http:\/\/www.abseitsreisen.de\/blog\/?p=8916"},"modified":"2016-11-04T20:27:49","modified_gmt":"2016-11-04T19:27:49","slug":"eroeffnung-der-neuen-vortragsreihe-in-amberg","status":"publish","type":"post","link":"https:\/\/www.abseitsreisen.de\/blog\/2016\/11\/04\/eroeffnung-der-neuen-vortragsreihe-in-amberg\/","title":{"rendered":"Er\u00f6ffnung der Vortragsreihe HIN UND WEG in Amberg."},"content":{"rendered":"<p style=\"text-align: justify;\">Wenn man etwas Neues ausprobiert, wei\u00df man nie, ob es klappt. Umso mehr freuen wir uns, dass der Start f\u00fcr die neue Veranstaltungsreihe HIN UND WEG h\u00f6chst erfolgreich verlaufen ist. Wir laden ab sofort in Kooperation mit dem Amberger Kulturwerk regelm\u00e4\u00dfig ausgew\u00e4hlte Referenten mit besonderen Live-Reportagen nach Amberg ein.<\/p>\n<p style=\"text-align: justify;\">Vergangenen Samstag fiel der Startschuss mit einem Paukenschlag: Ein nahezu ausverkauftes Musikomm begr\u00fc\u00dfte mit \u00fcberw\u00e4ltigendem Applaus Bruno Maul, der mit seiner Live-Fotoreportage \u00fcber Cuba die neue Reihe er\u00f6ffnete.<\/p>\n<p style=\"text-align: justify;\"><img loading=\"lazy\" decoding=\"async\" class=\"aligncenter size-full wp-image-8922\" src=\"https:\/\/www.abseitsreisen.de\/blog\/wp-content\/uploads\/2016\/11\/CUBA-Bruno-Maul-1.jpg\" alt=\"cuba-bruno-maul\" width=\"780\" height=\"312\" data-id=\"8922\" srcset=\"https:\/\/www.abseitsreisen.de\/blog\/wp-content\/uploads\/2016\/11\/CUBA-Bruno-Maul-1.jpg 780w, https:\/\/www.abseitsreisen.de\/blog\/wp-content\/uploads\/2016\/11\/CUBA-Bruno-Maul-1-300x120.jpg 300w, https:\/\/www.abseitsreisen.de\/blog\/wp-content\/uploads\/2016\/11\/CUBA-Bruno-Maul-1-768x307.jpg 768w\" sizes=\"auto, (max-width: 780px) 100vw, 780px\" \/><\/p>\n<p style=\"text-align: justify;\">Ob es nun eine Insel im AuBFruch oder doch eher im AuFBruch sei, wurde schnell gekl\u00e4rt. Bruno Maul entf\u00fchrte nicht auf die Touristenmeilen, sondern in die Hinterh\u00f6fe und Seitengassen. Er nahm uns mit auf Heavy-Metal Konzerte und in die versteckten Musikstudios der Insel und gew\u00e4hrte damit tiefe Einblicke in die aktuellen Lebenswirklichkeiten der Kubaner.<\/p>\n<p style=\"text-align: justify;\">Das Publikum staunte \u00fcber die herausragende Qualit\u00e4t der Fotografien und h\u00e4ufig fragten wir uns: Wie schafft es Bruno Maul, in solch wilden und chaotischen Situationen, wie auf einem n\u00e4chtlichen Rockkonzert, derartig brillante und gut komponierte Portraits zu schie\u00dfen. Es liegt sicher an seiner eingehenden Kenntnis des Landes und der N\u00e4he zu den Menschen, mit denen er selbst in Cuba unterwegs ist. Eine Besonderheit, die er mit seinen sehr pers\u00f6nlichen Einblicken eindrucksvoll unter Beweis stellte.<\/p>\n<p style=\"text-align: justify;\"><img loading=\"lazy\" decoding=\"async\" class=\"aligncenter size-full wp-image-8918\" src=\"https:\/\/www.abseitsreisen.de\/blog\/wp-content\/uploads\/2016\/11\/Hin-und-Weg-Cuba-1.jpg\" alt=\"hin-und-weg-cuba-1\" width=\"780\" height=\"518\" data-id=\"8918\" srcset=\"https:\/\/www.abseitsreisen.de\/blog\/wp-content\/uploads\/2016\/11\/Hin-und-Weg-Cuba-1.jpg 780w, https:\/\/www.abseitsreisen.de\/blog\/wp-content\/uploads\/2016\/11\/Hin-und-Weg-Cuba-1-300x199.jpg 300w, https:\/\/www.abseitsreisen.de\/blog\/wp-content\/uploads\/2016\/11\/Hin-und-Weg-Cuba-1-768x510.jpg 768w, https:\/\/www.abseitsreisen.de\/blog\/wp-content\/uploads\/2016\/11\/Hin-und-Weg-Cuba-1-272x182.jpg 272w\" sizes=\"auto, (max-width: 780px) 100vw, 780px\" \/><\/p>\n<p style=\"text-align: justify;\"><img loading=\"lazy\" decoding=\"async\" class=\"aligncenter size-full wp-image-8919\" src=\"https:\/\/www.abseitsreisen.de\/blog\/wp-content\/uploads\/2016\/11\/Hin-und-Weg-Cuba-2.jpg\" alt=\"hin-und-weg-cuba-2\" width=\"780\" height=\"518\" data-id=\"8919\" srcset=\"https:\/\/www.abseitsreisen.de\/blog\/wp-content\/uploads\/2016\/11\/Hin-und-Weg-Cuba-2.jpg 780w, https:\/\/www.abseitsreisen.de\/blog\/wp-content\/uploads\/2016\/11\/Hin-und-Weg-Cuba-2-300x199.jpg 300w, https:\/\/www.abseitsreisen.de\/blog\/wp-content\/uploads\/2016\/11\/Hin-und-Weg-Cuba-2-768x510.jpg 768w, https:\/\/www.abseitsreisen.de\/blog\/wp-content\/uploads\/2016\/11\/Hin-und-Weg-Cuba-2-272x182.jpg 272w\" sizes=\"auto, (max-width: 780px) 100vw, 780px\" \/><\/p>\n<p style=\"text-align: justify;\">Dabei wurden auch schwierige Themen nicht ausgespart. Es ist nicht leicht, Politik, Menschenrechtsverletzungen, Kriminalit\u00e4t und Sextourismus auf der B\u00fchne anzusprechen. Doch genau damit zeigte der Fotograf nicht nur Mut, sondern auch, dass sein Vortrag \u00fcber Cuba weit tiefer geht, als ein oberfl\u00e4chlich aufpoliertes Touristenparadies aus h\u00fcbschen Str\u00e4nden und polierten Oldtimern zu pr\u00e4sentieren.<\/p>\n<p style=\"text-align: justify;\">Es war ganz sicher ein Abend, der unser Bild von einem St\u00fcck der Welt bereichert hat und allen Besuchern lange in Erinnerung bleiben wird. Und genau so soll es sein.<\/p>\n<p style=\"text-align: justify;\">Vielen Dank an alle G\u00e4ste f\u00fcr die gro\u00dfartige Stimmung und den lang anhaltenden Beifall. Freuen wir uns gemeinsam auf die kommenden Veranstaltungen.<\/p>\n<p style=\"text-align: justify;\">Am 24. November kommt Thomas B\u00f6hm ins Musikomm Amberg. Er erz\u00e4hlt von einer Region, die viele erst einmal auf der Landkarte suchen m\u00fcssen: Ladakh, weit im Norden Indiens. Eine Region, die man aufgrund ihrer Lage im Himalaya und der tief buddhistischen Pr\u00e4gung auch &#8222;Kleintibet&#8220; nennt.<\/p>\n<p style=\"text-align: justify;\">Informationen zur neuen Veranstaltungsreihe in Amberg, mehr zu den kommenden Vortr\u00e4gen und Links zu den Tickets gibt es unter <a href=\"https:\/\/www.abseitsreisen.de\/blog\/hin-und-weg\/\">HIN UND WEG<\/a>.<\/p>\n<p style=\"text-align: justify;\">Ein Bericht aus Sicht der Besucher \u00fcber die Show von Bruno Maul in Amberg findet sich auch auf der <a href=\"https:\/\/suzy-bis-zum-horizont.de\/bruno-maul-cuba\/\">Website von Suzy und Lars<\/a>.<\/p>\n","protected":false},"excerpt":{"rendered":"<p>Wenn man etwas Neues ausprobiert, wei\u00df man nie, ob es klappt. Umso mehr freuen wir uns, dass der Start f\u00fcr die neue Veranstaltungsreihe HIN UND WEG h\u00f6chst erfolgreich verlaufen ist. Wir laden ab sofort in Kooperation mit dem Amberger Kulturwerk &hellip; <a href=\"https:\/\/www.abseitsreisen.de\/blog\/2016\/11\/04\/eroeffnung-der-neuen-vortragsreihe-in-amberg\/\">Weiterlesen<\/a><\/p>\n","protected":false},"author":3,"featured_media":8920,"comment_status":"closed","ping_status":"open","sticky":false,"template":"","format":"standard","meta":{"kt_blocks_editor_width":"","_metis_text_type":"","_metis_text_length":2678,"_post_count":0,"footnotes":""},"categories":[16],"tags":[],"class_list":["post-8916","post","type-post","status-publish","format-standard","has-post-thumbnail","hentry","category-veranstaltungen"],"aioseo_notices":[],"_links":{"self":[{"href":"https:\/\/www.abseitsreisen.de\/blog\/wp-json\/wp\/v2\/posts\/8916","targetHints":{"allow":["GET"]}}],"collection":[{"href":"https:\/\/www.abseitsreisen.de\/blog\/wp-json\/wp\/v2\/posts"}],"about":[{"href":"https:\/\/www.abseitsreisen.de\/blog\/wp-json\/wp\/v2\/types\/post"}],"author":[{"embeddable":true,"href":"https:\/\/www.abseitsreisen.de\/blog\/wp-json\/wp\/v2\/users\/3"}],"replies":[{"embeddable":true,"href":"https:\/\/www.abseitsreisen.de\/blog\/wp-json\/wp\/v2\/comments?post=8916"}],"version-history":[{"count":7,"href":"https:\/\/www.abseitsreisen.de\/blog\/wp-json\/wp\/v2\/posts\/8916\/revisions"}],"predecessor-version":[{"id":8928,"href":"https:\/\/www.abseitsreisen.de\/blog\/wp-json\/wp\/v2\/posts\/8916\/revisions\/8928"}],"wp:featuredmedia":[{"embeddable":true,"href":"https:\/\/www.abseitsreisen.de\/blog\/wp-json\/wp\/v2\/media\/8920"}],"wp:attachment":[{"href":"https:\/\/www.abseitsreisen.de\/blog\/wp-json\/wp\/v2\/media?parent=8916"}],"wp:term":[{"taxonomy":"category","embeddable":true,"href":"https:\/\/www.abseitsreisen.de\/blog\/wp-json\/wp\/v2\/categories?post=8916"},{"taxonomy":"post_tag","embeddable":true,"href":"https:\/\/www.abseitsreisen.de\/blog\/wp-json\/wp\/v2\/tags?post=8916"}],"curies":[{"name":"wp","href":"https:\/\/api.w.org\/{rel}","templated":true}]}}