{"id":8944,"date":"2016-11-19T13:26:34","date_gmt":"2016-11-19T12:26:34","guid":{"rendered":"http:\/\/www.abseitsreisen.de\/blog\/?p=8944"},"modified":"2016-11-19T13:33:43","modified_gmt":"2016-11-19T12:33:43","slug":"abenteuer-transafrika-in-der-muffathalle-muenchen","status":"publish","type":"post","link":"https:\/\/www.abseitsreisen.de\/blog\/2016\/11\/19\/abenteuer-transafrika-in-der-muffathalle-muenchen\/","title":{"rendered":"Abenteuer Transafrika in der Muffathalle M\u00fcnchen."},"content":{"rendered":"<p style=\"text-align: justify;\">Welch ein Start in die Vortragssaison! Preistr\u00e4ger auf dem El Mundo Festival und vegangene Woche zum ersten Mal in Bonn &#8211; komplett ausverkauftes Haus im Kinopolis. Danke f\u00fcr den sch\u00f6nen Abend auf dieser gemeinsamen Reise durch ein &#8222;Wildes S\u00fcdamerkia&#8220;.<\/p>\n<p style=\"text-align: justify;\">Es geht sofort weiter: Viele hatten uns in den vergangenen Jahren gefragt, ob wir auch mal in M\u00fcnchen von unserer Reise erz\u00e4hlen. Michael Martin macht&#8217;s nun m\u00f6glich und l\u00e4dt uns als Referenten zu seiner Veranstaltungsreihe &#8218;Abenteuer Erde&#8216; in die Muffathalle.<\/p>\n<p style=\"text-align: justify;\">Am Sonntag, 20.11. um 13:00 zeigen wir &#8218;Abenteuer Transafrika&#8216;, die live kommentierte Fotoreportage \u00fcber unsere 15-monatige Durchquerung des Kontinents.<\/p>\n<p style=\"text-align: justify;\"><img loading=\"lazy\" decoding=\"async\" class=\"aligncenter size-full wp-image-8348\" src=\"https:\/\/www.abseitsreisen.de\/blog\/wp-content\/uploads\/2016\/07\/Aethiopien-Bana.jpg\" alt=\"Aethiopien-Bana\" width=\"1140\" height=\"450\" data-id=\"8348\" srcset=\"https:\/\/www.abseitsreisen.de\/blog\/wp-content\/uploads\/2016\/07\/Aethiopien-Bana.jpg 1140w, https:\/\/www.abseitsreisen.de\/blog\/wp-content\/uploads\/2016\/07\/Aethiopien-Bana-300x118.jpg 300w, https:\/\/www.abseitsreisen.de\/blog\/wp-content\/uploads\/2016\/07\/Aethiopien-Bana-768x303.jpg 768w, https:\/\/www.abseitsreisen.de\/blog\/wp-content\/uploads\/2016\/07\/Aethiopien-Bana-1024x404.jpg 1024w\" sizes=\"auto, (max-width: 1140px) 100vw, 1140px\" \/><\/p>\n<p style=\"text-align: justify;\">Nach dem Erfolg und der Auszeichnung beim ebenfalls ausverkauften El Mundo Festival in \u00d6sterreich ist der Vortrag in M\u00fcnchen ein weiterer besonderer Anlass. Die Muffathalle wird der bisher gr\u00f6\u00dfte Veranstaltungssaal, in dem wir von unserer Reise erz\u00e4hlen.<\/p>\n<p style=\"text-align: justify;\">Abenteuer Erde feiert in dieser Saison das 20-j\u00e4hrige Jubil\u00e4um. Wir freuen uns, Teil dieser besonderen Auswahl an Referenten zu sein, die das M\u00fcnchner Publikum heuer mit ihren Reisegeschichten um die Welt entf\u00fchren. Michael Martin zeigt an diesem Sonntagnachmittag im Anschluss um 16:00 seine neue Show &#8218;Planet W\u00fcste&#8216; und am Abend um 19:00 berichtet Bergsteigerlegende Hans Kammerlander von den &#8218;Matterh\u00f6rnern dieser Welt&#8216;.<\/p>\n<p style=\"text-align: justify;\">Kleiner Tipp: Die Eintrittskarten sind auf der <a href=\"http:\/\/www.michael-martin.de\/de\/termine_tickets\/abenteuer_erde.html#pc_abe_0002\">Webseite vom Veranstalter Michael Martin<\/a> g\u00fcnstiger als bei <a href=\"https:\/\/www.muenchenticket.de\/guide\/tickets\/13dug\/Thomas+Rahn+Transafrika.html\">M\u00fcnchen Ticket<\/a> und den \u00fcblichen VVK-Stellen. Es gibt auch Tickets an der Abendkasse.<\/p>\n<p><a href=\"https:\/\/www.abseitsreisen.de\/blog\/portfolio\/abenteuer-transafrika\/\">Weitere Infos zu Abenteuer Afrika<\/a><\/p>\n<p style=\"text-align: justify;\"><a href=\"https:\/\/www.abseitsreisen.de\/blog\/reise-vortrage\/termine\/\">Weitere Termine 2016-2017<\/a><\/p>\n<p><img loading=\"lazy\" decoding=\"async\" class=\"aligncenter size-full wp-image-8346\" src=\"https:\/\/www.abseitsreisen.de\/blog\/wp-content\/uploads\/2016\/07\/Namib-Dead-Vlei.jpg\" alt=\"Namib-Dead-Vlei\" width=\"1140\" height=\"450\" data-id=\"8346\" srcset=\"https:\/\/www.abseitsreisen.de\/blog\/wp-content\/uploads\/2016\/07\/Namib-Dead-Vlei.jpg 1140w, https:\/\/www.abseitsreisen.de\/blog\/wp-content\/uploads\/2016\/07\/Namib-Dead-Vlei-300x118.jpg 300w, https:\/\/www.abseitsreisen.de\/blog\/wp-content\/uploads\/2016\/07\/Namib-Dead-Vlei-768x303.jpg 768w, https:\/\/www.abseitsreisen.de\/blog\/wp-content\/uploads\/2016\/07\/Namib-Dead-Vlei-1024x404.jpg 1024w\" sizes=\"auto, (max-width: 1140px) 100vw, 1140px\" \/><\/p>\n","protected":false},"excerpt":{"rendered":"<p>Welch ein Start in die Vortragssaison! Preistr\u00e4ger auf dem El Mundo Festival und vegangene Woche zum ersten Mal in Bonn &#8211; komplett ausverkauftes Haus im Kinopolis. Danke f\u00fcr den sch\u00f6nen Abend auf dieser gemeinsamen Reise durch ein &#8222;Wildes S\u00fcdamerkia&#8220;. Es &hellip; <a href=\"https:\/\/www.abseitsreisen.de\/blog\/2016\/11\/19\/abenteuer-transafrika-in-der-muffathalle-muenchen\/\">Weiterlesen<\/a><\/p>\n","protected":false},"author":3,"featured_media":8954,"comment_status":"closed","ping_status":"open","sticky":false,"template":"","format":"standard","meta":{"kt_blocks_editor_width":"","_metis_text_type":"","_metis_text_length":1666,"_post_count":0,"footnotes":""},"categories":[16],"tags":[],"class_list":["post-8944","post","type-post","status-publish","format-standard","has-post-thumbnail","hentry","category-veranstaltungen"],"aioseo_notices":[],"_links":{"self":[{"href":"https:\/\/www.abseitsreisen.de\/blog\/wp-json\/wp\/v2\/posts\/8944","targetHints":{"allow":["GET"]}}],"collection":[{"href":"https:\/\/www.abseitsreisen.de\/blog\/wp-json\/wp\/v2\/posts"}],"about":[{"href":"https:\/\/www.abseitsreisen.de\/blog\/wp-json\/wp\/v2\/types\/post"}],"author":[{"embeddable":true,"href":"https:\/\/www.abseitsreisen.de\/blog\/wp-json\/wp\/v2\/users\/3"}],"replies":[{"embeddable":true,"href":"https:\/\/www.abseitsreisen.de\/blog\/wp-json\/wp\/v2\/comments?post=8944"}],"version-history":[{"count":14,"href":"https:\/\/www.abseitsreisen.de\/blog\/wp-json\/wp\/v2\/posts\/8944\/revisions"}],"predecessor-version":[{"id":8960,"href":"https:\/\/www.abseitsreisen.de\/blog\/wp-json\/wp\/v2\/posts\/8944\/revisions\/8960"}],"wp:featuredmedia":[{"embeddable":true,"href":"https:\/\/www.abseitsreisen.de\/blog\/wp-json\/wp\/v2\/media\/8954"}],"wp:attachment":[{"href":"https:\/\/www.abseitsreisen.de\/blog\/wp-json\/wp\/v2\/media?parent=8944"}],"wp:term":[{"taxonomy":"category","embeddable":true,"href":"https:\/\/www.abseitsreisen.de\/blog\/wp-json\/wp\/v2\/categories?post=8944"},{"taxonomy":"post_tag","embeddable":true,"href":"https:\/\/www.abseitsreisen.de\/blog\/wp-json\/wp\/v2\/tags?post=8944"}],"curies":[{"name":"wp","href":"https:\/\/api.w.org\/{rel}","templated":true}]}}