{"id":8989,"date":"2017-01-20T15:39:21","date_gmt":"2017-01-20T14:39:21","guid":{"rendered":"http:\/\/www.abseitsreisen.de\/blog\/?p=8989"},"modified":"2017-01-20T15:51:51","modified_gmt":"2017-01-20T14:51:51","slug":"vielen-dank-an-alle-gaeste","status":"publish","type":"post","link":"https:\/\/www.abseitsreisen.de\/blog\/2017\/01\/20\/vielen-dank-an-alle-gaeste\/","title":{"rendered":"Welch ein Winter. Vielen Dank an alle G\u00e4ste."},"content":{"rendered":"<p style=\"text-align: justify;\">Vielen Dank an alle G\u00e4ste! Welch eine Vortragssaison! Ausverkauftes Haus bei unserer Premiere in Bonn. Eine Auszeichnung f\u00fcr &#8218;Abenteuer Transafrika&#8216; beim El Mundo Festival in \u00d6sterreich. Unvergessliche Veranstaltungen bei PlanetView in Braunschweig und eine Show mit einer bebenden B\u00fchne im legend\u00e4ren KFZ in Marburg. Und noch ein Highlight: Michael Martin hatte uns in die M\u00fcnchner Muffathalle eingeladen, um zum 20-j\u00e4hrigen Jubil\u00e4um der renommierten Veranstaltungsreihe \u201eAbenteuer Erde\u201c unsere Afrikashow zu pr\u00e4sentieren.<\/p>\n<p style=\"text-align: justify;\"><img loading=\"lazy\" decoding=\"async\" class=\"aligncenter wp-image-8990 size-full\" src=\"https:\/\/www.abseitsreisen.de\/blog\/wp-content\/uploads\/2017\/01\/15289067_10155625028443521_7313203063190851382_o.jpg\" alt=\"15289067_10155625028443521_7313203063190851382_o\" width=\"1415\" height=\"940\" data-id=\"8990\" srcset=\"https:\/\/www.abseitsreisen.de\/blog\/wp-content\/uploads\/2017\/01\/15289067_10155625028443521_7313203063190851382_o.jpg 1415w, https:\/\/www.abseitsreisen.de\/blog\/wp-content\/uploads\/2017\/01\/15289067_10155625028443521_7313203063190851382_o-300x199.jpg 300w, https:\/\/www.abseitsreisen.de\/blog\/wp-content\/uploads\/2017\/01\/15289067_10155625028443521_7313203063190851382_o-768x510.jpg 768w, https:\/\/www.abseitsreisen.de\/blog\/wp-content\/uploads\/2017\/01\/15289067_10155625028443521_7313203063190851382_o-1024x680.jpg 1024w, https:\/\/www.abseitsreisen.de\/blog\/wp-content\/uploads\/2017\/01\/15289067_10155625028443521_7313203063190851382_o-272x182.jpg 272w\" sizes=\"auto, (max-width: 1415px) 100vw, 1415px\" \/><\/p>\n<h3 style=\"text-align: justify;\">Wie geht es weiter?<\/h3>\n<p style=\"text-align: justify;\">Nach der Weihnachtspause geht es nun in die zweite Runde. In Amberg zeigen wir am 21.Januar auf vielfachen Wunsch erneut die Show &#8218;Transasien. Bis ans Ende der Welt&#8216;. Die Show ist bereits seit Tagen ausverkauft. An der Abendkasse wird es keine Tickets mehr geben.<\/p>\n<p style=\"text-align: justify;\">Auch in <a href=\"https:\/\/www.abseitsreisen.de\/blog\/bis-ans-ende-der-welt-22-januar-2017-in-freising\/\">Freising<\/a> zeigen wir am Sonntag, den 22. Januar im Lindenkeller erneut &#8218;Bis ans Ende der Welt&#8216; \u00fcber den Aufbruch und den ersten Abschnitt der Reise.<\/p>\n<p style=\"text-align: justify;\">Am 24. Januar werden wir erstmals in Oldenburg zu Gast sein und \u00fcber die Reise im Oldtimer durch S\u00fcdamerika berichten.<\/p>\n<p style=\"text-align: justify;\">Mit gro\u00dfem Andrang rechnen wir auch wieder in Weiden. Dort werden wir am 18.3. in der Max-Reger-Halle \u00fcber S\u00fcdamerika berichten. Wer sicher dabei sein m\u00f6chte, sollte sich bitte rechtzeitig <a href=\"https:\/\/www.abseitsreisen.de\/blog\/wildes-suedamerika-18-maerz-2017-in-weiden\/\">Karten f\u00fcr Weiden<\/a> sichern.<\/p>\n<p style=\"text-align: justify;\">Weitere Termine unserer Shows \u00fcber die Episoden der Reise im Oldtimer um die Welt finden sich in der <a href=\"https:\/\/www.abseitsreisen.de\/blog\/reise-vortrage\/termine\/\">Termin\u00fcbersicht<\/a>.<\/p>\n<h3 style=\"text-align: justify;\">Hin und weg in Amberg.<\/h3>\n<p style=\"text-align: justify;\">Die neue Veranstaltungsreihe HIN UND WEG in Amberg hatte einen sehr erfolgreichen Auftakt. Als erster von vielen weiteren Referenten war Ende Oktober Bruno Maul im Musikomm zu Gast. Er nahm uns mit auf eine hintergr\u00fcndige, vielschichtige und \u00fcberraschende Entdeckungsreise durch Cuba.<\/p>\n<p style=\"text-align: justify;\">F\u00fcr <a href=\"https:\/\/www.abseitsreisen.de\/blog\/hin-und-weg\/\">HIN UND WEG<\/a> holen wir die besten live erz\u00e4hlten Reisereportagen nach Amberg. Ich freue mich sehr auf die Show \u00fcber <a href=\"http:\/\/www.mh-reisefotografie.at\/vortraege\/japan.php\">Japan von Marcus Haid<\/a>. In Basel, Z\u00fcrich und Bern f\u00fcllte er die Hallen mit bis zu 800 Zuschauern. Bevor er auf f\u00fcnf Terminen in Berlin auftreten wird, ist es uns gelungen ihn am 11. Februar nach Amberg ins Musikomm einzuladen.<\/p>\n<p style=\"text-align: justify;\">Den Abschluss der diesj\u00e4hrigen HIN UND WEG Saison macht Andr\u00e9 Schumacher, der bereits im vergangenen Jahr mit seiner unvergesslichen Erz\u00e4hlung \u00fcber die Kanaren das Amberger Publikum verzauberte. Am 17. M\u00e4rz wird er im Musikomm in einer Show der Superlative von der Reise &#8218;<a href=\"http:\/\/www.poletopole.de\/shows_weltreise.php?main=shows&amp;sub=weltreise&amp;lang=0\">In 80 Tagen um die Welt<\/a>&#8218; berichten. Und eines ist sicher: Es wird wieder viel gelacht werden.<\/p>\n<p style=\"text-align: justify;\">Auch f\u00fcr das kommende Jahr ist bereits vieles geplant \u2013 seid gespannt, es wird einige \u00dcberraschungen geben&#8230;<\/p>\n","protected":false},"excerpt":{"rendered":"<p>Vielen Dank an alle G\u00e4ste! Welch eine Vortragssaison! Ausverkauftes Haus bei unserer Premiere in Bonn. Eine Auszeichnung f\u00fcr &#8218;Abenteuer Transafrika&#8216; beim El Mundo Festival in \u00d6sterreich. Unvergessliche Veranstaltungen bei PlanetView in Braunschweig und eine Show mit einer bebenden B\u00fchne im &hellip; <a href=\"https:\/\/www.abseitsreisen.de\/blog\/2017\/01\/20\/vielen-dank-an-alle-gaeste\/\">Weiterlesen<\/a><\/p>\n","protected":false},"author":3,"featured_media":8996,"comment_status":"closed","ping_status":"open","sticky":false,"template":"","format":"standard","meta":{"kt_blocks_editor_width":"","_metis_text_type":"","_metis_text_length":2597,"_post_count":0,"footnotes":""},"categories":[16],"tags":[],"class_list":["post-8989","post","type-post","status-publish","format-standard","has-post-thumbnail","hentry","category-veranstaltungen"],"aioseo_notices":[],"_links":{"self":[{"href":"https:\/\/www.abseitsreisen.de\/blog\/wp-json\/wp\/v2\/posts\/8989","targetHints":{"allow":["GET"]}}],"collection":[{"href":"https:\/\/www.abseitsreisen.de\/blog\/wp-json\/wp\/v2\/posts"}],"about":[{"href":"https:\/\/www.abseitsreisen.de\/blog\/wp-json\/wp\/v2\/types\/post"}],"author":[{"embeddable":true,"href":"https:\/\/www.abseitsreisen.de\/blog\/wp-json\/wp\/v2\/users\/3"}],"replies":[{"embeddable":true,"href":"https:\/\/www.abseitsreisen.de\/blog\/wp-json\/wp\/v2\/comments?post=8989"}],"version-history":[{"count":4,"href":"https:\/\/www.abseitsreisen.de\/blog\/wp-json\/wp\/v2\/posts\/8989\/revisions"}],"predecessor-version":[{"id":8997,"href":"https:\/\/www.abseitsreisen.de\/blog\/wp-json\/wp\/v2\/posts\/8989\/revisions\/8997"}],"wp:featuredmedia":[{"embeddable":true,"href":"https:\/\/www.abseitsreisen.de\/blog\/wp-json\/wp\/v2\/media\/8996"}],"wp:attachment":[{"href":"https:\/\/www.abseitsreisen.de\/blog\/wp-json\/wp\/v2\/media?parent=8989"}],"wp:term":[{"taxonomy":"category","embeddable":true,"href":"https:\/\/www.abseitsreisen.de\/blog\/wp-json\/wp\/v2\/categories?post=8989"},{"taxonomy":"post_tag","embeddable":true,"href":"https:\/\/www.abseitsreisen.de\/blog\/wp-json\/wp\/v2\/tags?post=8989"}],"curies":[{"name":"wp","href":"https:\/\/api.w.org\/{rel}","templated":true}]}}