{"id":9025,"date":"2017-03-17T09:42:35","date_gmt":"2017-03-17T08:42:35","guid":{"rendered":"http:\/\/www.abseitsreisen.de\/blog\/?p=9025"},"modified":"2017-04-25T11:23:48","modified_gmt":"2017-04-25T09:23:48","slug":"aktuelles-im-fruehjahr-17","status":"publish","type":"post","link":"https:\/\/www.abseitsreisen.de\/blog\/2017\/03\/17\/aktuelles-im-fruehjahr-17\/","title":{"rendered":"Aktuelles im Fr\u00fchjahr &#8217;17"},"content":{"rendered":"<p>Auch das neue Jahr beginnt ereignisreich. Ein knappes Update zu aktuellen Terminen und Ver\u00f6ffentlichungen. Dazu eine Vorschau auf einige Termine im Herbst 2017 und Fr\u00fchjahr 2018.<\/p>\n<p>&nbsp;<\/p>\n<h3>Ver\u00f6ffentlichungen<\/h3>\n<p>Ein Interview zur Reise ist vor kurzen im <a href=\"https:\/\/www.grenzgang.de\/mit-dem-oldtimer-auf-weltumrundung\/\">Grenzgang-Blog<\/a> erschienen. Warum mit einem Oldtimer? Gab es gr\u00f6\u00dfere Probleme auf der Reise? Und einige weitere Fragen werden hier beantwortet.<\/p>\n<p>Auf der <a href=\"https:\/\/www.mercedes-benz.com\/de\/mercedes-benz\/classic\/historie\/in_sieben_jahren_um_die_welt\/\">Website von Mercedes-Benz<\/a> erschien eine kleine Bilderserie unserer Reise im Kurzhauber um die Welt.<\/p>\n<p>In der aktuellen deutschen, als auch in der internationelen Druckausgabe des <a href=\"https:\/\/www.mercedes-benz.com\/de\/mercedes-benz\/lifestyle\/classic-magazin\/\">Mercedes-Benz Classic Magazins<\/a> gibt es ein sehr ausf\u00fchrliches Interview mit vielen Bildern der Reise.<\/p>\n<p>&nbsp;<\/p>\n<h3>Showtermine im Fr\u00fchjahr<\/h3>\n<p>Wer gerne live dabei ist: Im angehenden Fr\u00fchjahr 2017 gibt es noch einige M\u00f6glichkeiten:<\/p>\n<p>Am Samstag, den 18. M\u00e4rz geht es in Weiden auf die n\u00e4chste Etappe. Nachdem wir die Max-Reger-Halle bereits durch Asien, Nord- und Zentralamerika gef\u00fchrt haben, liegt jetzt die Reise von Kolumbiuen bis Feuerland auf dem Programm. Weitere Infos dazu unter <a href=\"https:\/\/www.abseitsreisen.de\/blog\/wildes-suedamerika-18-maerz-2017-in-weiden\/\">Wildes S\u00fcdamerika &#8211; Weiden.<\/a><\/p>\n<p>Weitere Showtermine stehen kurz bevor:<\/p>\n<p>Wiesbaden, 28. M\u00e4rz &#8211; Fernost und Fernwest. Nach dem gro\u00dfen Interesse im vergangenen Jahr wieder beim Fernwehwinter.<\/p>\n<p>R\u00f6dermark, 29. M\u00e4rz &#8211; Bis ans Ende der Welt. Erstmals in der Kulturhalle.<\/p>\n<p>K\u00f6ln, 2. April &#8211; Bis ans Ende der Welt. Pr\u00e4sentiert von Grenzgang. Direkt im Anschluss an unsere Geschichte zeigt Christoph Rehage seine Show &#8218;The Longest Way&#8216;. Das wird ein spannender Sonntag in der Alten Feuerwache.<\/p>\n<p>D\u00fcsseldorf, 9. April &#8211; Bis ans Ende der Welt. Auch hier gibt es die M\u00f6glichkeit zum Asien Doppelschlag mit &#8218;The Longest Way&#8216; von Christoph Rehage.<\/p>\n<p><img loading=\"lazy\" decoding=\"async\" class=\"aligncenter size-full wp-image-9026\" src=\"https:\/\/www.abseitsreisen.de\/blog\/wp-content\/uploads\/2017\/03\/AA2016.jpg\" alt=\"\" width=\"1920\" height=\"1080\" data-id=\"9026\" srcset=\"https:\/\/www.abseitsreisen.de\/blog\/wp-content\/uploads\/2017\/03\/AA2016.jpg 1920w, https:\/\/www.abseitsreisen.de\/blog\/wp-content\/uploads\/2017\/03\/AA2016-300x169.jpg 300w, https:\/\/www.abseitsreisen.de\/blog\/wp-content\/uploads\/2017\/03\/AA2016-768x432.jpg 768w, https:\/\/www.abseitsreisen.de\/blog\/wp-content\/uploads\/2017\/03\/AA2016-1024x576.jpg 1024w\" sizes=\"auto, (max-width: 1920px) 100vw, 1920px\" \/><\/p>\n<p>&nbsp;<\/p>\n<h3>Reisetreffen<\/h3>\n<p>Wir freuen uns auf mehrere gro\u00dfen Reisetreffen im Sommer. Auch hier werden wir mit einigen Shows dabei sein.<\/p>\n<p>Auf der weltweit gr\u00f6\u00dften Allrad-Reisemesse in Bad Kissingen, der <a href=\"https:\/\/www.abenteuer-allrad.de\/\">Abenteuer &amp; Allrad 2017<\/a> werden wir mit im Programm stehen und von der Durchquerung Afrikas berichten. Im vergangenen Jahr z\u00e4hlte die Messe 60.000 Besucher und etwa 2000 Reisefahrzeuge auf dem Campinggel\u00e4nde. Dazu gibt es 2017 sehr sehenswerte Vortr\u00e4ge von Gregor Sieb\u00f6ck, dem Weltenwanderer und von Mario Goldstein. Er berichtet von seinem Leben als &#8218;Freitr\u00e4umer&#8216;. Vier Tage Messe, Reisetreffen und dazu eine bunte Mischung an Vortr\u00e4gen \u00fcber Reisen im Expeditionsmobil, im Oldtimer, zu Fu\u00df und per Segelboot. Das wird spektakul\u00e4r. Eine Galerie der Resiefahrzeuge 2016 findet ihr in dieser <a href=\"https:\/\/www.facebook.com\/pg\/abseitsreisen\/photos\/?tab=album&amp;album_id=10155128991733521\">Fotogalerie <\/a>auf unserer Facebookseite.<\/p>\n<p>Von 25. bis 27. August werden wir auf den <a href=\"http:\/\/globetrotterrodeo.at\/\">OTA Globetrotter Rodeo<\/a> am Erzberg in \u00d6sterreich sein und auch dort von unserer Reise berichten. Das Treffen am Erzberg hat seit langen Kultstatus f\u00fcr Reisefreunde, aber auch f\u00fcr alle 4&#215;4 Begeisterten, die ihr Fahrzeug gerne mal ein einer gigantischen Schlammpf\u00fctze auf die Probe stellen. Auch hier gibt es ein vielseitiges und hochkar\u00e4tiges Vortragsprogramm.<\/p>\n<p>&nbsp;<\/p>\n<h3>Showtermine im Herbst &#8217;17 Fr\u00fchjahr &#8217;18<\/h3>\n<p>Eine Auswahl der Vortragstermine f\u00fcr die n\u00e4chste Wintersaison. Zum Vormerken im Terminplan:<\/p>\n<p>22. Oktober 2017, Graz, \u00d6sterreich, Bilder der Welt<\/p>\n<p>29. Oktober 2017, Velden, \u00d6sterreich, Bilder der Welt<\/p>\n<p>18. November 2017, Erlangen, Fernwehfestival<\/p>\n<p>19. November 2017, Steyr\/\u00d6sterreich, Kalkalpenfstival<\/p>\n<p>30. November 2017, Dachau, Fernweh-AV<\/p>\n<p>24. und 25. Januar 2018, Osnabr\u00fcck und Bremen, Fernwehzeit<\/p>\n<p>27. Januar 2018, Amberg, HIN UND WEG<\/p>\n<p>28. Januar 2018, Ausgburg, erdanziehung<\/p>\n<p>18. Februar 2018, Freiburg, Mundologia<\/p>\n<p>12. M\u00e4rz 2018, R\u00f6dermark, Kulturhalle<\/p>\n<p>13. und 14. M\u00e4rz 2018, Braunschweig und Marburg, Planetview<\/p>\n<p>24. M\u00e4rz 2018, Plauen, Freitr\u00e4umer Festival<\/p>\n<p>03. April 2018, Raum Frankfurt\/Wiesbaden, Fernwehwinter<\/p>\n<p>13. April 2018, Dresden, Bilder der Erde<\/p>\n<p>&nbsp;<\/p>\n<p>&nbsp;<\/p>\n","protected":false},"excerpt":{"rendered":"<p>Auch das neue Jahr beginnt ereignisreich. Ein knappes Update zu aktuellen Terminen und Ver\u00f6ffentlichungen. Dazu eine Vorschau auf einige Termine im Herbst 2017 und Fr\u00fchjahr 2018. &nbsp; Ver\u00f6ffentlichungen Ein Interview zur Reise ist vor kurzen im Grenzgang-Blog erschienen. Warum mit &hellip; <a href=\"https:\/\/www.abseitsreisen.de\/blog\/2017\/03\/17\/aktuelles-im-fruehjahr-17\/\">Weiterlesen<\/a><\/p>\n","protected":false},"author":3,"featured_media":9028,"comment_status":"closed","ping_status":"open","sticky":false,"template":"","format":"standard","meta":{"kt_blocks_editor_width":"","_metis_text_type":"","_metis_text_length":3792,"_post_count":0,"footnotes":""},"categories":[1],"tags":[],"class_list":["post-9025","post","type-post","status-publish","format-standard","has-post-thumbnail","hentry","category-reiseberichte"],"aioseo_notices":[],"_links":{"self":[{"href":"https:\/\/www.abseitsreisen.de\/blog\/wp-json\/wp\/v2\/posts\/9025","targetHints":{"allow":["GET"]}}],"collection":[{"href":"https:\/\/www.abseitsreisen.de\/blog\/wp-json\/wp\/v2\/posts"}],"about":[{"href":"https:\/\/www.abseitsreisen.de\/blog\/wp-json\/wp\/v2\/types\/post"}],"author":[{"embeddable":true,"href":"https:\/\/www.abseitsreisen.de\/blog\/wp-json\/wp\/v2\/users\/3"}],"replies":[{"embeddable":true,"href":"https:\/\/www.abseitsreisen.de\/blog\/wp-json\/wp\/v2\/comments?post=9025"}],"version-history":[{"count":10,"href":"https:\/\/www.abseitsreisen.de\/blog\/wp-json\/wp\/v2\/posts\/9025\/revisions"}],"predecessor-version":[{"id":9094,"href":"https:\/\/www.abseitsreisen.de\/blog\/wp-json\/wp\/v2\/posts\/9025\/revisions\/9094"}],"wp:featuredmedia":[{"embeddable":true,"href":"https:\/\/www.abseitsreisen.de\/blog\/wp-json\/wp\/v2\/media\/9028"}],"wp:attachment":[{"href":"https:\/\/www.abseitsreisen.de\/blog\/wp-json\/wp\/v2\/media?parent=9025"}],"wp:term":[{"taxonomy":"category","embeddable":true,"href":"https:\/\/www.abseitsreisen.de\/blog\/wp-json\/wp\/v2\/categories?post=9025"},{"taxonomy":"post_tag","embeddable":true,"href":"https:\/\/www.abseitsreisen.de\/blog\/wp-json\/wp\/v2\/tags?post=9025"}],"curies":[{"name":"wp","href":"https:\/\/api.w.org\/{rel}","templated":true}]}}