{"id":9229,"date":"2017-08-18T13:33:24","date_gmt":"2017-08-18T11:33:24","guid":{"rendered":"http:\/\/www.abseitsreisen.de\/blog\/?p=9229"},"modified":"2023-11-20T17:24:18","modified_gmt":"2023-11-20T16:24:18","slug":"paula-ist-startklar","status":"publish","type":"post","link":"https:\/\/www.abseitsreisen.de\/blog\/2017\/08\/18\/paula-ist-startklar\/","title":{"rendered":"Paula ist startklar."},"content":{"rendered":"<p>Es riecht nach Diesel. Der Motor dr\u00f6hnt. Paula ist startklar.<\/p>\n<p>Startklar f\u00fcr das <a href=\"https:\/\/globetrotterrodeo.at\">OTA- Globetrotter Rodeo<\/a>, das n\u00e4chstes Wochenende, vom 25. bis zum 27. August 2017, am Erzberg in \u00d6sterreich stattfindet.<\/p>\n<p><a href=\"https:\/\/www.abseitsreisen.de\/blog\/wp-content\/uploads\/2017\/08\/Rodeo-full.jpg\"><img loading=\"lazy\" decoding=\"async\" class=\"alignleft size-full wp-image-9231\" src=\"https:\/\/www.abseitsreisen.de\/blog\/wp-content\/uploads\/2017\/08\/Rodeo-full.jpg\" alt=\"\" width=\"1280\" height=\"576\" data-id=\"9231\" srcset=\"https:\/\/www.abseitsreisen.de\/blog\/wp-content\/uploads\/2017\/08\/Rodeo-full.jpg 1280w, https:\/\/www.abseitsreisen.de\/blog\/wp-content\/uploads\/2017\/08\/Rodeo-full-300x135.jpg 300w, https:\/\/www.abseitsreisen.de\/blog\/wp-content\/uploads\/2017\/08\/Rodeo-full-768x346.jpg 768w, https:\/\/www.abseitsreisen.de\/blog\/wp-content\/uploads\/2017\/08\/Rodeo-full-1024x461.jpg 1024w\" sizes=\"auto, (max-width: 1280px) 100vw, 1280px\" \/><\/a><\/p>\n<p>F\u00fcnfhundert Kilometer liegen vor uns. F\u00fcnfhundert Kilometer bergauf, bergab. Wenn alles gut geht, schaffen wir die Strecke in zwei Tagen. Die alte Dame war noch nie viel schneller als ein Radfahrer und wir werden sie nicht hetzen.<\/p>\n<p>Sollten wir je ankommen, freuen uns darauf, am Lagerfeuer zu sitzen, abenteuerlichen Geschichten zu lauschen und im Fernweh zu schwelgen, alte Bekannte wiederzusehen und neue Reisefreunde kennenzulernen.<\/p>\n<p>Ganz besonders gespannt sind auf Samstag, wenn wir um 16 Uhr live im Taubenreuther Vortragszelt vor einem reisebegeisterten Publikum von \u201eTransafrika. Im Oldtimer durch den geheimnisvollen Kontinent.\u201c berichten d\u00fcrfen.<\/p>\n<p>Kommt vorbei, bringt Freunde und Bekannte mit, packt jeden ein, der euch \u00fcber den Weg l\u00e4uft &#8211; wir freuen uns auf euch!<\/p>\n<p>Viele weitere Vortragstermine und Orte, bei denen wir von der Reise um die Welt erz\u00e4hlen, findet ihr hier: <a href=\"https:\/\/www.abseitsreisen.de\/blog\/reise-vortrage\/termine\/\">Termine 2017\/2018<\/a><\/p>\n","protected":false},"excerpt":{"rendered":"<p>Es riecht nach Diesel. Der Motor dr\u00f6hnt. Paula ist startklar. Startklar f\u00fcr das OTA- Globetrotter Rodeo, das n\u00e4chstes Wochenende, vom 25. bis zum 27. August 2017, am Erzberg in \u00d6sterreich stattfindet. F\u00fcnfhundert Kilometer liegen vor uns. F\u00fcnfhundert Kilometer bergauf, bergab. &hellip; <a href=\"https:\/\/www.abseitsreisen.de\/blog\/2017\/08\/18\/paula-ist-startklar\/\">Weiterlesen<\/a><\/p>\n","protected":false},"author":2,"featured_media":9232,"comment_status":"closed","ping_status":"open","sticky":false,"template":"","format":"standard","meta":{"kt_blocks_editor_width":"","_metis_text_type":"standard","_metis_text_length":1104,"_post_count":0,"footnotes":""},"categories":[16],"tags":[],"class_list":["post-9229","post","type-post","status-publish","format-standard","has-post-thumbnail","hentry","category-veranstaltungen"],"aioseo_notices":[],"public_identification_id":"2d009f7b503d47119d1289cdd76ac13c","private_identification_id":"a92138d0196a429c9812e4a83e1c69d8","_links":{"self":[{"href":"https:\/\/www.abseitsreisen.de\/blog\/wp-json\/wp\/v2\/posts\/9229","targetHints":{"allow":["GET"]}}],"collection":[{"href":"https:\/\/www.abseitsreisen.de\/blog\/wp-json\/wp\/v2\/posts"}],"about":[{"href":"https:\/\/www.abseitsreisen.de\/blog\/wp-json\/wp\/v2\/types\/post"}],"author":[{"embeddable":true,"href":"https:\/\/www.abseitsreisen.de\/blog\/wp-json\/wp\/v2\/users\/2"}],"replies":[{"embeddable":true,"href":"https:\/\/www.abseitsreisen.de\/blog\/wp-json\/wp\/v2\/comments?post=9229"}],"version-history":[{"count":3,"href":"https:\/\/www.abseitsreisen.de\/blog\/wp-json\/wp\/v2\/posts\/9229\/revisions"}],"predecessor-version":[{"id":9234,"href":"https:\/\/www.abseitsreisen.de\/blog\/wp-json\/wp\/v2\/posts\/9229\/revisions\/9234"}],"wp:featuredmedia":[{"embeddable":true,"href":"https:\/\/www.abseitsreisen.de\/blog\/wp-json\/wp\/v2\/media\/9232"}],"wp:attachment":[{"href":"https:\/\/www.abseitsreisen.de\/blog\/wp-json\/wp\/v2\/media?parent=9229"}],"wp:term":[{"taxonomy":"category","embeddable":true,"href":"https:\/\/www.abseitsreisen.de\/blog\/wp-json\/wp\/v2\/categories?post=9229"},{"taxonomy":"post_tag","embeddable":true,"href":"https:\/\/www.abseitsreisen.de\/blog\/wp-json\/wp\/v2\/tags?post=9229"}],"curies":[{"name":"wp","href":"https:\/\/api.w.org\/{rel}","templated":true}]}}